{"id":10557,"date":"2026-05-19T09:31:11","date_gmt":"2026-05-19T08:31:11","guid":{"rendered":"https:\/\/mcamps.com\/?p=10557"},"modified":"2026-06-30T12:04:18","modified_gmt":"2026-06-30T11:04:18","slug":"nombres-de-fantasia-medicinales-suplementosalimenticios","status":"publish","type":"post","link":"https:\/\/mcampsco-cp176.wordpresstemporal.com\/cat\/nombres-de-fantasia-medicinales-suplementosalimenticios\/","title":{"rendered":"Noms medicinals ficticis: l'AESAN aclareix els criteris per al seu \u00fas en els complements alimentaris"},"content":{"rendered":"<blockquote class=\"wp-block-quote is-layout-flow wp-block-quote-is-layout-flow\">\n<p class=\"wp-block-paragraph\"><strong>Noms ficticis de medicaments <\/strong>\u2013 El mar\u00e7 passat, el Comit\u00e8 Institucional del <strong>Ag\u00e8ncia Espanyola de Seguretat Aliment\u00e0ria i Nutrici\u00f3 (AESAN)<\/strong> aprovat un nou <strong>full informatiu<\/strong>, sobre el <strong>l'\u00fas de noms comercials, marques i noms medicinals ficticis en els complements alimentaris. <\/strong><\/p>\n\n\n\n<p class=\"wp-block-paragraph\">Els coneguts com a \u2018<strong>noms de marca farmac\u00e8utica<\/strong>\u2018Aquests s\u00f3n noms comercials, marques i noms fant\u00e0stics que es poden interpretar com a al\u00b7lusi\u00f3 a una part del cos o que poden suggerir una connexi\u00f3 amb una malaltia humana.<\/p>\n<\/blockquote>\n\n\n\n<p class=\"wp-block-paragraph\">El<strong> noms medicinals ficticis<\/strong> Segons l'AESAN, aix\u00f2 constitueix un problema, ja que \u00abatribueixen al suplement alimentari propietats que no posseeix, cosa que pot induir el consumidor a creure que un aliment destinat a complementar una dieta normal pot prevenir, tractar o curar una malaltia humana\u00bb. <\/p>\n\n\n\n<p class=\"wp-block-paragraph\">En el comunicat de premsa publicat per <strong>Ag\u00e8ncia Espanyola de Seguretat Aliment\u00e0ria i Nutrici\u00f3 (AESAN)<\/strong> Pel que fa als noms medicinals inventats, es fa una distinci\u00f3 clara entre dos tipus de <strong>noms comercials, marques i noms pomposos<\/strong>; <\/p>\n\n\n\n<ul class=\"wp-block-list\">\n<li>termes que es poden interpretar com una al\u00b7lusi\u00f3 a una part del cos<\/li>\n\n\n\n<li>noms que podrien suggerir un vincle amb una malaltia humana<\/li>\n<\/ul>\n\n\n\n<h2 class=\"wp-block-heading\">Com hem de procedir, segons el tipus de noms medicinals inventats? <\/h2>\n\n\n\n<p class=\"wp-block-paragraph\">El <strong>noms o marques registrades<\/strong> <strong>que es refereixen a una part del cos<\/strong>, es consideren afirmacions generals de salut i no afirmacions espec\u00edfiques d'un nutrient o d'un aliment, relacionades amb la salut general o el benestar relacionat amb la salut. En aquest cas, es poden utilitzar sempre que vinguin acompanyades d'una afirmaci\u00f3 de salut espec\u00edfica autoritzada (o pendent d'autoritzaci\u00f3).<\/p>\n\n\n\n<p class=\"wp-block-paragraph\">En el cas de la <strong>noms o marques registrades que puguin suggerir un vincle amb una malaltia humana<\/strong> (cistitis, dolor, tensi\u00f3), o fins i tot referir-se a termes com tractament, ter\u00e0pia o medicina ayurv\u00e8dica tradicional, micoter\u00e0pia, entre d'altres, es considera que <strong>induir a error el consumidor mitj\u00e0, <\/strong>que podria interpretar-se com si implic\u00e9s que el producte t\u00e9 propietats dissenyades per prevenir, tractar o curar malalties. Per tant, infringeixen la nova normativa aliment\u00e0ria, que <strong>prohibeix expl\u00edcitament qualsevol menjar<\/strong> -A efectes reguladors, els complements alimentaris es consideren aliments- <strong>No s'hi poden atribuir propietats que curin, tractin o prevegin una malaltia, ni s'ha d'implicar que pugui fer-ho.<\/strong>.<\/p>\n\n\n\n<p class=\"wp-block-paragraph\">El <strong>AESAN<\/strong> esmenta especialment el <strong>marques registrades<\/strong>, ja que no estan exempts del compliment de la legislaci\u00f3 i, per tant, tamb\u00e9 han de ser recolzats per un <strong>afirmaci\u00f3 sanit\u00e0ria autoritzada o pendent<\/strong>, si es refereixen a una part del cos. A m\u00e9s, no estaran permesos si al\u00b7ludeixen a una malaltia o impliquen que poden prevenir, curar o tractar una malaltia.<\/p>\n\n\n\n<div class=\"wp-block-buttons is-layout-flex wp-block-buttons-is-layout-flex\">\n<div class=\"wp-block-button\"><a class=\"wp-block-button__link wp-element-button\" href=\"https:\/\/www.aesan.gob.es\/AECOSAN\/docs\/documentos\/seguridad_alimentaria\/interpretaciones\/nutricionales\/nombres_fantasia_CA_2026.pdf\" target=\"_blank\" rel=\"noreferrer noopener\">Consulteu les actualitzacions dels noms de fantasia dels productes medicinals al lloc web d'AESAN.<\/a><\/div>\n<\/div>\n\n\n\n<hr class=\"wp-block-separator has-alpha-channel-opacity\"\/>\n\n\n\n<figure class=\"wp-block-image aligncenter size-full\"><a href=\"https:\/\/mcamps.com\/wp-content\/uploads\/2026\/05\/Post-petita-MCamps-ampla-23.jpg\" target=\"_blank\" rel=\"noopener\"><img decoding=\"async\" width=\"900\" height=\"250\" src=\"https:\/\/mcamps.com\/wp-content\/uploads\/2026\/05\/Post-petita-MCamps-ampla-23.jpg\" alt=\"\" class=\"wp-image-10579\" title=\"\" srcset=\"https:\/\/mcamps.com\/wp-content\/uploads\/2026\/05\/Post-petita-MCamps-ampla-23.jpg 900w, https:\/\/mcamps.com\/wp-content\/uploads\/2026\/05\/Post-petita-MCamps-ampla-23-480x133.jpg 480w\" sizes=\"(min-width: 0px) and (max-width: 480px) 480px, (min-width: 481px) 900px, 100vw\" \/><\/a><\/figure>\n\n\n\n<h2 class=\"wp-block-heading\">Noms medicinals ficticis: el calendari AESAN<\/h2>\n\n\n\n<p class=\"wp-block-paragraph\">El <strong>Ag\u00e8ncia Espanyola de Seguretat Aliment\u00e0ria i Nutrici\u00f3 (AESAN)<\/strong> ha establert un calendari per permetre a la ind\u00fastria adaptar l'etiquetatge i l'estrat\u00e8gia comercial sense comprometre la viabilitat de les exist\u00e8ncies actuals:<\/p>\n\n\n\n<ul class=\"wp-block-list\">\n<li><strong>Entrada en vigor del criteri<\/strong>: 18 de mar\u00e7 de 2026<\/li>\n\n\n\n<li><strong>Fi de la comercialitzaci\u00f3 de noves fornades<\/strong>: 1 de gener de 2028<\/li>\n\n\n\n<li><strong>Vendes d'accions<\/strong>: Fins a exhaurir exist\u00e8ncies (amb la condici\u00f3 que la data de lot sigui anterior a 2028 i que el producte estigui dins de la seva data de consum preferent).<\/li>\n<\/ul>\n\n\n\n<p class=\"wp-block-paragraph\">De <strong>1 de gener de 2028<\/strong>, No es permetr\u00e0 que cap lot nou que no compleixi aquestes directrius es comercialitzi. No obstant aix\u00f2, els lots ja comercialitzats abans d'aquesta data podran romandre al mercat i ser venuts fins al final de la seva data de consum preferent.<\/p>\n\n\n\n<h2 class=\"wp-block-heading\">Podem ajudar-te amb noms de fantasia medicinals? Un recordatori de GTF M. Camps<\/h2>\n\n\n\n<p class=\"wp-block-paragraph\">De <strong>GTF M. Camps<\/strong>, com a consultors especialitzats en q\u00fcestions reguladores, donem suport a les empreses en el <strong>una revisi\u00f3 t\u00e8cnica de l'etiquetatge dels seus productes en el sector dels complements alimentaris, <\/strong>perqu\u00e8 compleixin els nous criteris t\u00e8cnics i s'asseguri que continu\u00efn al mercat amb totes les garanties.<\/p>\n\n\n\n<p class=\"wp-block-paragraph\">Seguint la publicaci\u00f3 d'aquest nou document per part de l'AESAN el mar\u00e7 passat, <strong>La vostra empresa de complements alimentaris haur\u00e0 d'adaptar l'etiquetatge a la normativa nova.<\/strong> de noms medicinals inventats. Per fer-ho, potser necessitareu l'assist\u00e8ncia d'experts externs que us assessorin en la revisi\u00f3 de l'etiquetatge, per tal de complir tots els requisits normatius relatius als vostres productes. Teniu cap consulta sobre com aplicar la nova normativa relativa als noms medicinals inventats? Poseu-vos en contacte amb nosaltres!<\/p>\n\n\n\n<p class=\"wp-block-paragraph\"><strong>Qu\u00e8 oferim? Solucions!<\/strong><\/p>\n\n\n\n<div class=\"wp-block-buttons is-layout-flex wp-block-buttons-is-layout-flex\">\n<div class=\"wp-block-button\"><a class=\"wp-block-button__link wp-element-button\" href=\"https:\/\/mcamps.com\/contacto\/\" target=\"_blank\" rel=\"noreferrer noopener\">Contacteu amb el Gabinet T\u00e8cnic Farmac\u00e8utic M. Camps<\/a><\/div>\n<\/div>","protected":false},"excerpt":{"rendered":"<p>Els noms pomposos dels productes medicinals atribueixen propietats curatives als complements alimentaris que no posseeixen. AESAN ha aclarit recentment els criteris per als noms comercials, les marques i les designacions. <\/p>","protected":false},"author":1,"featured_media":10586,"comment_status":"closed","ping_status":"closed","sticky":false,"template":"","format":"standard","meta":{"_et_pb_use_builder":"","_et_pb_old_content":"","_et_gb_content_width":"","inline_featured_image":false,"footnotes":""},"categories":[215,50],"tags":[],"class_list":["post-10557","post","type-post","status-publish","format-standard","has-post-thumbnail","hentry","category-complementos-alimenticios","category-noticias"],"_links":{"self":[{"href":"https:\/\/mcampsco-cp176.wordpresstemporal.com\/cat\/wp-json\/wp\/v2\/posts\/10557","targetHints":{"allow":["GET"]}}],"collection":[{"href":"https:\/\/mcampsco-cp176.wordpresstemporal.com\/cat\/wp-json\/wp\/v2\/posts"}],"about":[{"href":"https:\/\/mcampsco-cp176.wordpresstemporal.com\/cat\/wp-json\/wp\/v2\/types\/post"}],"author":[{"embeddable":true,"href":"https:\/\/mcampsco-cp176.wordpresstemporal.com\/cat\/wp-json\/wp\/v2\/users\/1"}],"replies":[{"embeddable":true,"href":"https:\/\/mcampsco-cp176.wordpresstemporal.com\/cat\/wp-json\/wp\/v2\/comments?post=10557"}],"version-history":[{"count":0,"href":"https:\/\/mcampsco-cp176.wordpresstemporal.com\/cat\/wp-json\/wp\/v2\/posts\/10557\/revisions"}],"wp:featuredmedia":[{"embeddable":true,"href":"https:\/\/mcampsco-cp176.wordpresstemporal.com\/cat\/wp-json\/wp\/v2\/media\/10586"}],"wp:attachment":[{"href":"https:\/\/mcampsco-cp176.wordpresstemporal.com\/cat\/wp-json\/wp\/v2\/media?parent=10557"}],"wp:term":[{"taxonomy":"category","embeddable":true,"href":"https:\/\/mcampsco-cp176.wordpresstemporal.com\/cat\/wp-json\/wp\/v2\/categories?post=10557"},{"taxonomy":"post_tag","embeddable":true,"href":"https:\/\/mcampsco-cp176.wordpresstemporal.com\/cat\/wp-json\/wp\/v2\/tags?post=10557"}],"curies":[{"name":"wp","href":"https:\/\/api.w.org\/{rel}","templated":true}]}}