{"id":2394,"date":"2016-07-28T11:43:33","date_gmt":"2016-07-28T10:43:33","guid":{"rendered":"https:\/\/mcamps.com\/?p=2394"},"modified":"2017-02-23T14:34:40","modified_gmt":"2017-02-23T13:34:40","slug":"cosmetica-natural-y-ecologica","status":"publish","type":"post","link":"https:\/\/mcampsco-cp176.wordpresstemporal.com\/cat\/cosmetica-natural-y-ecologica\/","title":{"rendered":"Cosm\u00e8tics naturals i ecol\u00f2gics: una tend\u00e8ncia en auge al segle XXI"},"content":{"rendered":"<p>El mercat per al <strong>cosm\u00e8tics naturals<\/strong> i els productes ecol\u00f2gics han experimentat un gran auge durant els darrers anys. En un informe recent, la firma d'investigaci\u00f3 de mercat <a href=\"http:\/\/www.ainiaforward.com\/\" target=\"_blank\" rel=\"noopener\">Ainia endavant <\/a>Va argumentar que els consumidors atorguen un 15% m\u00e9s de valor als productes etiquetats com a \u201csostenibles\u201d. Aquesta \u00e9s una tend\u00e8ncia creixent, i les perspectives no podrien ser millors: s'espera que les vendes d'aquest tipus de producte es doblin el 2020. Per\u00f2 quins s\u00f3n els beneficis dels productes naturals? I qu\u00e8 busquen els consumidors?<!--more--><\/p>\n<h2>L'evoluci\u00f3 de la cosm\u00e8tica natural<\/h2>\n\n\t\t<style>\n\t\t\t#gallery-1 {\n\t\t\t\tmargin: auto;\n\t\t\t}\n\t\t\t#gallery-1 .gallery-item {\n\t\t\t\tfloat: left;\n\t\t\t\tmargin-top: 10px;\n\t\t\t\ttext-align: center;\n\t\t\t\twidth: 100%;\n\t\t\t}\n\t\t\t#gallery-1 img {\n\t\t\t\tborder: 2px solid #cfcfcf;\n\t\t\t}\n\t\t\t#gallery-1 .gallery-caption {\n\t\t\t\tmargin-left: 0;\n\t\t\t}\n\t\t\t\/* see gallery_shortcode() in wp-includes\/media.php *\/\n\t\t<\/style>\n\t\t<div id='gallery-1' class='gallery galleryid-2394 gallery-columns-1 gallery-size-thumbnail'><dl class='gallery-item'>\n\t\t\t<dt class='gallery-icon landscape'>\n\t\t\t\t<img decoding=\"async\" width=\"150\" height=\"150\" src=\"https:\/\/mcamps.com\/wp-content\/uploads\/2016\/07\/descarga-150x150.png\" class=\"attachment-thumbnail size-thumbnail\" alt=\"cosm\u00e9tica natural\" title=\"\">\n\t\t\t<\/dt><\/dl><br style=\"clear: both\" \/>\n\t\t<\/div>\n\n<p>&nbsp;<\/p>\n<div style=\"-webkit-column-count: 2; -moz-column-count: 2; column-count: 2; -webkit-column-gap: 30px; -moz-column-gap: 30px; column-gap: 30px;\">\n<p>Fins fa una d\u00e8cada, la majoria dels cosm\u00e8tics comercialitzats com a naturals estaven compostos principalment de <strong>ingredients sint\u00e8tics<\/strong>. No hi havia consens sobre com classificar els productes cosm\u00e8tics segons el seu origen, aix\u00ed que l'\u00fas del terme \u201cnatural\u201d simplement significava que un dels ingredients era natural. Tanmateix, en els darrers anys, la mentalitat de molts consumidors ha canviat: llegeixen les etiquetes amb molta m\u00e9s atenci\u00f3 i tendeixen a buscar productes ambientalment sostenibles i totalment ecol\u00f2gics, en la creen\u00e7a que s\u00f3n menys nocius. Per\u00f2\u2026<\/p>\n<\/div>\n<hr \/>\n<h2>Els cosm\u00e8tics naturals s\u00f3n menys nocius?<\/h2>\n<p><strong>No necess\u00e0riament<\/strong>. El Reglament de Cosm\u00e8tics estableix que els cosm\u00e8tics han de ser segurs, independentment dels ingredients que composen un producte. Seguint aquesta l\u00f2gica, els termes 'natural' o 'org\u00e0nic' no signifiquen que els productes siguin inofensius; simplement proporcionen informaci\u00f3 sobre l'origen dels seus ingredients. Per determinar si un producte cosm\u00e8tic pot causar irritaci\u00f3 cut\u00e0nia, cal consultar la llista d'ingredients i avaluar-ne la selecci\u00f3, independentment de si s\u00f3n d'origen natural o no.<\/p>\n<p>Actualment, les empreses a <strong>cosm\u00e8tics naturals<\/strong>, sensibles a les peticions dels seus clients, tendeixen a utilitzar el <strong>tants pocs ingredients com sigui possible<\/strong> ja que aix\u00f2 redueix la probabilitat d'una reacci\u00f3 adversa a un producte cosm\u00e8tic. Tanmateix, \u00e9s la selecci\u00f3 dels ingredients la que determinar\u00e0 <strong>el nivell de seguretat o toxicitat<\/strong> del producte, m\u00e9s que de la seva proced\u00e8ncia natural o del nombre d'ingredients.<\/p>\n<blockquote class=\"text-left\"><p>Recorda: \u00e9s la selecci\u00f3 dels ingredients la que determina si un cosm\u00e8tic \u00e9s segur o nociu, no pas si s\u00f3n d'origen natural ni el nombre d'ingredients.<\/p><\/blockquote>\n<h2>Un producte totalment ecol\u00f2gic<\/h2>\n<p>Els reptes que afronten les empreses de cosm\u00e8tics naturals no es limiten a obtenir mat\u00e8ries primeres d'alta qualitat d'origen natural. En primer lloc, un dels passos m\u00e9s importants \u00e9s obtenir la certificaci\u00f3 ecol\u00f2gica. Actualment, hi ha un gran nombre d'entitats privades responsables d'emetre aquest tipus de certificaci\u00f3: a Espanya, la <a href=\"http:\/\/vidasana.org\/\" target=\"_blank\" rel=\"noopener\">Associaci\u00f3 Vida Sana<\/a> Certifica explotacions ecol\u00f2giques i t\u00e9 tres etiquetes de certificaci\u00f3 per a cosm\u00e8tics ecol\u00f2gics. A nivell europeu, hi ha l'etiqueta COSMOS. Al Regne Unit, hi ha l'etiqueta Soil Association; a Alemanya, l'etiqueta BDIH; i a Fran\u00e7a <a href=\"http:\/\/www.cosmebio.org\/\" target=\"_blank\" rel=\"noopener\">Cosmebio<\/a> y <a href=\"http:\/\/www.ecocert.es\/es\" target=\"_blank\" rel=\"noopener\">ECOCERT<\/a>, dos dels m\u00e9s importants.<br \/>\nUn cop han obtingut una marca de certificaci\u00f3, el pas seg\u00fcent m\u00e9s l\u00f2gic per a aquestes empreses \u00e9s comprometre's amb un enfocament ecol\u00f2gic al llarg de tot el proc\u00e9s de fabricaci\u00f3: un embalatge adequat, l'embalatge en contenidors reciclables i l'\u00fas de m\u00e8todes de transport sostenibles.<\/p>\n<p>Finalment, voldr\u00edem recordar-vos que la norma ISO 16128-1 es va publicar el febrer passat; proporciona definicions t\u00e8cniques per als productes i ingredients naturals i org\u00e0nics en cosm\u00e8tics i estableix els criteris per classificar-los.<a href=\"https:\/\/mcamps.com\/iso-16128-1-definiciones-tecnicas-para-los-productos-e-ingredientes-naturales-y-organicos-en-cosmetica\/\" target=\"_blank\" rel=\"noopener\"> Ja ho tenim a GTF.<\/a>, aix\u00ed que no dubteu a posar-vos en contacte amb nosaltres si necessiteu qualsevol assessorament sobre aquest assumpte.<\/p>\n<h2>Crescem en l'autocura<\/h2>\n<p>Hi ha un inter\u00e8s creixent \u2013 i una preocupaci\u00f3 \u2013 entre el p\u00fablic general per la seva pr\u00f2pia salut. De fet, nom\u00e9s cal mirar les xifres del sector de l'autocura per veure com de seriosament s'estan prenent aquesta canvi d'estil de vida. Des de practicar esport o seguir una dieta equilibrada, fins a ser conscients dels productes que fem servir a la nostra pell, cada vegada som m\u00e9s conscients de com portar un<strong> estil de vida saludable<\/strong>. I creiem que aix\u00f2 \u00e9s un canvi a millor.<\/p>\n<p>&nbsp;<\/p>","protected":false},"excerpt":{"rendered":"<p>El mercado de la cosm\u00e9tica natural y ecol\u00f3gica se encuentra desde hace unos a\u00f1os en pleno auge. En un informe reciente, la empresa de estudios de mercado Ainiaforward sosten\u00eda que los consumidores valoran un 15% m\u00e1s los productos de etiqueta \u201csostenible\u201d. Se trata de una tendencia en crecimiento, y las previsiones no pueden ser mejores: [&hellip;]<\/p>\n","protected":false},"author":1,"featured_media":2388,"comment_status":"open","ping_status":"closed","sticky":false,"template":"","format":"standard","meta":{"_et_pb_use_builder":"","_et_pb_old_content":"","_et_gb_content_width":"","inline_featured_image":false,"footnotes":""},"categories":[99,301,50],"tags":[471,349,103,475,351,473],"class_list":["post-2394","post","type-post","status-publish","format-standard","has-post-thumbnail","hentry","category-cosmeticos","category-formacion","category-noticias","tag-cometica","tag-cosmetica-natural","tag-cosmeticos","tag-ecologia","tag-iso-16128-1","tag-sostenibilidad"],"_links":{"self":[{"href":"https:\/\/mcampsco-cp176.wordpresstemporal.com\/cat\/wp-json\/wp\/v2\/posts\/2394","targetHints":{"allow":["GET"]}}],"collection":[{"href":"https:\/\/mcampsco-cp176.wordpresstemporal.com\/cat\/wp-json\/wp\/v2\/posts"}],"about":[{"href":"https:\/\/mcampsco-cp176.wordpresstemporal.com\/cat\/wp-json\/wp\/v2\/types\/post"}],"author":[{"embeddable":true,"href":"https:\/\/mcampsco-cp176.wordpresstemporal.com\/cat\/wp-json\/wp\/v2\/users\/1"}],"replies":[{"embeddable":true,"href":"https:\/\/mcampsco-cp176.wordpresstemporal.com\/cat\/wp-json\/wp\/v2\/comments?post=2394"}],"version-history":[{"count":0,"href":"https:\/\/mcampsco-cp176.wordpresstemporal.com\/cat\/wp-json\/wp\/v2\/posts\/2394\/revisions"}],"wp:featuredmedia":[{"embeddable":true,"href":"https:\/\/mcampsco-cp176.wordpresstemporal.com\/cat\/wp-json\/wp\/v2\/media\/2388"}],"wp:attachment":[{"href":"https:\/\/mcampsco-cp176.wordpresstemporal.com\/cat\/wp-json\/wp\/v2\/media?parent=2394"}],"wp:term":[{"taxonomy":"category","embeddable":true,"href":"https:\/\/mcampsco-cp176.wordpresstemporal.com\/cat\/wp-json\/wp\/v2\/categories?post=2394"},{"taxonomy":"post_tag","embeddable":true,"href":"https:\/\/mcampsco-cp176.wordpresstemporal.com\/cat\/wp-json\/wp\/v2\/tags?post=2394"}],"curies":[{"name":"wp","href":"https:\/\/api.w.org\/{rel}","templated":true}]}}