{"id":2436,"date":"2016-09-13T13:36:27","date_gmt":"2016-09-13T12:36:27","guid":{"rendered":"https:\/\/mcamps.com\/?p=2436"},"modified":"2016-09-15T11:27:50","modified_gmt":"2016-09-15T10:27:50","slug":"25-anos-soluciones-cosmetorium","status":"publish","type":"post","link":"https:\/\/mcampsco-cp176.wordpresstemporal.com\/cat\/25-anos-soluciones-cosmetorium\/","title":{"rendered":"GTF celebra 25 anys oferint solucions a Cosmetorium."},"content":{"rendered":"<p>&nbsp;<\/p>\n<p>El 2016, el <strong>M. Camps Consultoria Farmac\u00e8utica<\/strong>\u00a0Celebrem el nostre 25\u00e8 aniversari com a consultoria t\u00e8cnica especialitzada en procediments reguladors sanitaris. Estem encantats de ser l'empresa m\u00e9s antiga del sector regulador a Espanya. I celebrem aquest aniversari amb gran entusiasme i una gran quantitat de novetats.<\/p>\n<p>Al llarg dels anys, ens hem expandit cap a nous sectors \u2013 dispositius m\u00e8dics, biocides, parafarmac\u00e8utics i m\u00e9s. Tamb\u00e9 hem ajudat a establir i consolidar projectes per a m\u00e9s de <strong>2.000 clients<\/strong>. I no hem d'oblidar l'organitzaci\u00f3 de tota mena de<strong> activitats de formaci\u00f3<\/strong>. Entre les nostres iniciatives m\u00e9s recents,<span style=\"line-height: 1.5;\">Sense anar m\u00e9s enll\u00e0, estem llan\u00e7ant <strong>Lloc web nou<\/strong> al desembre de 2015. I a principis d'aquest any vam traslladar la nostra oficina al n\u00famero 10 del carrer Comte de Salvatierra, Barcelona.<a href=\"https:\/\/mcamps.com\/wp-content\/uploads\/2016\/09\/hola.png\" rel=\"attachment wp-att-2437 noopener\" target=\"_blank\"><img decoding=\"async\" class=\"aligncenter size-full wp-image-2437\" src=\"https:\/\/mcamps.com\/wp-content\/uploads\/2016\/09\/hola.png\" alt=\"hola\" width=\"200\" height=\"247\" title=\"\"><\/a><\/span><\/p>\n<h2>Una brindis al Cosmetorium<\/h2>\n<p>Per celebrar aquest aniversari tan especial, organitzarem, juntament amb els nostres nous socis a <strong>Aquimisa Pharma<\/strong>, un estand a la zona d'exposici\u00f3 de la fira <strong>Cosmet\u00f2rium<\/strong>.Ens agradaria convidar tots els nostres amics, clients i socis a unir-se a nosaltres per aixecar una copa i celebrar el nostre aniversari a l'estand 46 de Cosmetorium, la primera edici\u00f3 de la fira de cosm\u00e8tics organitzada per <strong>SEQC<\/strong>.<\/p>\n<p>Aix\u00ed que esperem veure-us a tots al <strong>Centre de confer\u00e8ncies<\/strong> a Barcelona els dies 28 i 29 de setembre. Estem encantats de poder celebrar amb vosaltres els nostres 25 anys assessorant els vostres projectes i oferint solucions t\u00e8cniques a mida.<\/p>\n<p><strong>Trieu-nos per la nostra experi\u00e8ncia: us servim des de 1991.\u00a0<\/strong><\/p>","protected":false},"excerpt":{"rendered":"<p>&nbsp; En 2016 el Gabinete T\u00e9cnico Farmac\u00e9utico M. Camps\u00a0cumple\u00a025 a\u00f1os como consultor\u00eda t\u00e9cnica especializada en tr\u00e1mites sanitarios. Nos complace ser la empresa m\u00e1s veterana del sector regulatorio en Espa\u00f1a. Y adem\u00e1s celebramos este aniversario cargados de ilusi\u00f3n y con un mont\u00f3n de novedades. A lo largo de estos a\u00f1os, hemos ido a\u00f1adiendo sectores de trabajo [&hellip;]<\/p>\n","protected":false},"author":1,"featured_media":2440,"comment_status":"open","ping_status":"closed","sticky":false,"template":"","format":"standard","meta":{"_et_pb_use_builder":"","_et_pb_old_content":"","_et_gb_content_width":"","inline_featured_image":false,"footnotes":""},"categories":[99,50],"tags":[501,507,103,505,203,503],"class_list":["post-2436","post","type-post","status-publish","format-standard","has-post-thumbnail","hentry","category-cosmeticos","category-noticias","tag-501","tag-aquimisa","tag-cosmeticos","tag-cosmetorium","tag-gtf","tag-mcamps"],"_links":{"self":[{"href":"https:\/\/mcampsco-cp176.wordpresstemporal.com\/cat\/wp-json\/wp\/v2\/posts\/2436","targetHints":{"allow":["GET"]}}],"collection":[{"href":"https:\/\/mcampsco-cp176.wordpresstemporal.com\/cat\/wp-json\/wp\/v2\/posts"}],"about":[{"href":"https:\/\/mcampsco-cp176.wordpresstemporal.com\/cat\/wp-json\/wp\/v2\/types\/post"}],"author":[{"embeddable":true,"href":"https:\/\/mcampsco-cp176.wordpresstemporal.com\/cat\/wp-json\/wp\/v2\/users\/1"}],"replies":[{"embeddable":true,"href":"https:\/\/mcampsco-cp176.wordpresstemporal.com\/cat\/wp-json\/wp\/v2\/comments?post=2436"}],"version-history":[{"count":0,"href":"https:\/\/mcampsco-cp176.wordpresstemporal.com\/cat\/wp-json\/wp\/v2\/posts\/2436\/revisions"}],"wp:featuredmedia":[{"embeddable":true,"href":"https:\/\/mcampsco-cp176.wordpresstemporal.com\/cat\/wp-json\/wp\/v2\/media\/2440"}],"wp:attachment":[{"href":"https:\/\/mcampsco-cp176.wordpresstemporal.com\/cat\/wp-json\/wp\/v2\/media?parent=2436"}],"wp:term":[{"taxonomy":"category","embeddable":true,"href":"https:\/\/mcampsco-cp176.wordpresstemporal.com\/cat\/wp-json\/wp\/v2\/categories?post=2436"},{"taxonomy":"post_tag","embeddable":true,"href":"https:\/\/mcampsco-cp176.wordpresstemporal.com\/cat\/wp-json\/wp\/v2\/tags?post=2436"}],"curies":[{"name":"wp","href":"https:\/\/api.w.org\/{rel}","templated":true}]}}