{"id":2611,"date":"2017-01-19T12:29:12","date_gmt":"2017-01-19T11:29:12","guid":{"rendered":"https:\/\/mcamps.com\/?p=2611"},"modified":"2017-01-19T13:38:24","modified_gmt":"2017-01-19T12:38:24","slug":"laboratorio-europeo-de-biologia-molecular-barcelona","status":"publish","type":"post","link":"https:\/\/mcampsco-cp176.wordpresstemporal.com\/cat\/laboratorio-europeo-de-biologia-molecular-barcelona\/","title":{"rendered":"Nova seu per al Laboratori Europeu de Biologia Molecular a Barcelona"},"content":{"rendered":"<p>El <strong>Laboratori Europeu de Biologia Molecular<\/strong> (<a href=\"http:\/\/www.embl.org\/\" target=\"_blank\" rel=\"noopener\">EMBL<\/a>) est\u00e0 a punt d'obrir la seva cinquena sucursal a Barcelona. Aix\u00f2 \u00e9s una excel\u00b7lent not\u00edcia per a la recerca sanit\u00e0ria. I, m\u00e9s concretament, per al camp de la biologia molecular a Espanya. La nova sucursal estar\u00e0 situada a la <strong>Parc de Recerca Biom\u00e8dica<\/strong> <strong>de Barcelona<\/strong>, on l'EMBL ja tenia un acord amb el <strong>Centre de Regulaci\u00f3 Gen\u00f2mica (CRG)<\/strong> per establir una unitat conjunta. Nosaltres, a GTF, voldr\u00edem felicitar les autoritats espanyoles i el laboratori europeu per haver assolit aquest acord, que \u00e9s tan benefici\u00f3s per a la recerca al nostre pa\u00eds.<\/p>\n<h3>El Laboratori Europeu de Biologia Molecular, una organitzaci\u00f3 pionera en el camp de la recerca<\/h3>\n<p>L'EMBL \u00e9s principalment responsable de dur a terme recerca b\u00e0sica en biologia molecular. Tanmateix, una de les seves tasques principals \u00e9s tamb\u00e9 l'educaci\u00f3 i la formaci\u00f3 de cient\u00edfics. En aquest sentit, t\u00e9<strong> Programa de doctorat internacional<\/strong> fins a 170 estudiants. Entre els seus molts \u00e8xits, cal esmentar especialment la recerca sobre <strong>Christiane N\u00fcsslein-Volhard<\/strong> y <strong>Eric Wieschaus<\/strong> per la primera an\u00e0lisi gen\u00e8tica sistem\u00e0tica del desenvolupament embrionari de la mosca de la fruita, per la qual van rebre el Premi Nobel de Medicina el 1995.<\/p>\n<h3>Els centres del Laboratori Europeu de Biologia Molecular<\/h3>\n<p>El Laboratori Europeu de Biologia Molecular \u00e9s una instituci\u00f3 dedicada a la recerca en biologia molecular, finan\u00e7ada per 18 pa\u00efsos europeus. L'organitzaci\u00f3 t\u00e9 actualment la seva seu a Heidelberg (Alemanya) i quatre seus sat\u00e8l\u00b7lit. Les quatre seus s\u00f3n a Hamburg (Alemanya), Grenoble (Fran\u00e7a), Monterotondo (It\u00e0lia) i Hinxton (Regne Unit).<\/p>\n<p>Aquesta \u00faltima oficina, al Regne Unit, tamb\u00e9 \u00e9s la\u00a0<strong>Institut Europeu de Bioinform\u00e0tica<\/strong>. La recerca es duu a terme a les seves instal\u00b7lacions per entendre les dades gen\u00f2miques i prote\u00f2miques. Tamb\u00e9 gestiona bases de dades relacionades amb \u00e0cids nucleics, prote\u00efnes i estructures macromoleculars. Es va establir gr\u00e0cies al finan\u00e7ament dels pa\u00efsos participants al Laboratori Europeu de Biologia Molecular, aix\u00ed com de la Comissi\u00f3 Europea, dels Instituts Nacionals de Salut dels EUA (NIH) i de diverses empreses del sector.<\/p>\n<p>Per a m\u00e9s informaci\u00f3 sobre el Laboratori Europeu de Biologia Molecular, visiteu <a href=\"http:\/\/slideplayer.com\/slide\/9170359\/\" target=\"_blank\" rel=\"noopener\">aquesta presentaci\u00f3 de Stefan Fiedler<\/a>, cap d'un dels seus equips de recerca a la seu central d'Hamburg.<\/p>","protected":false},"excerpt":{"rendered":"<p>El Laboratorio Europeo de Biolog\u00eda Molecular (EMBL) abrir\u00e1 su quinta subsede en Barcelona. Se trata de una muy buena noticia para la investigaci\u00f3n sanitaria. Y en concreto, para el campo de la biolog\u00eda molecular en Espa\u00f1a. La nueva sede se situar\u00e1 en el Parc de Recerca Biom\u00e9dica de Barcelona, donde el EMBL ya ten\u00eda un [&hellip;]<\/p>\n","protected":false},"author":1,"featured_media":2615,"comment_status":"open","ping_status":"closed","sticky":false,"template":"","format":"standard","meta":{"_et_pb_use_builder":"","_et_pb_old_content":"","_et_gb_content_width":"","inline_featured_image":false,"footnotes":""},"categories":[50,371],"tags":[585,583,593,591,587,589],"class_list":["post-2611","post","type-post","status-publish","format-standard","has-post-thumbnail","hentry","category-noticias","category-curiosidades","tag-biologia-molecular","tag-embl","tag-idi","tag-investigacion","tag-laboratorio-europeo-de-biologia-molecular","tag-parc-de-recerca-biomedica-de-barcelona"],"_links":{"self":[{"href":"https:\/\/mcampsco-cp176.wordpresstemporal.com\/cat\/wp-json\/wp\/v2\/posts\/2611","targetHints":{"allow":["GET"]}}],"collection":[{"href":"https:\/\/mcampsco-cp176.wordpresstemporal.com\/cat\/wp-json\/wp\/v2\/posts"}],"about":[{"href":"https:\/\/mcampsco-cp176.wordpresstemporal.com\/cat\/wp-json\/wp\/v2\/types\/post"}],"author":[{"embeddable":true,"href":"https:\/\/mcampsco-cp176.wordpresstemporal.com\/cat\/wp-json\/wp\/v2\/users\/1"}],"replies":[{"embeddable":true,"href":"https:\/\/mcampsco-cp176.wordpresstemporal.com\/cat\/wp-json\/wp\/v2\/comments?post=2611"}],"version-history":[{"count":0,"href":"https:\/\/mcampsco-cp176.wordpresstemporal.com\/cat\/wp-json\/wp\/v2\/posts\/2611\/revisions"}],"wp:featuredmedia":[{"embeddable":true,"href":"https:\/\/mcampsco-cp176.wordpresstemporal.com\/cat\/wp-json\/wp\/v2\/media\/2615"}],"wp:attachment":[{"href":"https:\/\/mcampsco-cp176.wordpresstemporal.com\/cat\/wp-json\/wp\/v2\/media?parent=2611"}],"wp:term":[{"taxonomy":"category","embeddable":true,"href":"https:\/\/mcampsco-cp176.wordpresstemporal.com\/cat\/wp-json\/wp\/v2\/categories?post=2611"},{"taxonomy":"post_tag","embeddable":true,"href":"https:\/\/mcampsco-cp176.wordpresstemporal.com\/cat\/wp-json\/wp\/v2\/tags?post=2611"}],"curies":[{"name":"wp","href":"https:\/\/api.w.org\/{rel}","templated":true}]}}