{"id":2869,"date":"2017-05-12T12:27:59","date_gmt":"2017-05-12T11:27:59","guid":{"rendered":"https:\/\/mcamps.com\/?p=2869"},"modified":"2017-05-12T12:38:29","modified_gmt":"2017-05-12T11:38:29","slug":"reial-academia-de-farmacia-sesion-ps","status":"publish","type":"post","link":"https:\/\/mcampsco-cp176.wordpresstemporal.com\/cat\/reial-academia-de-farmacia-sesion-ps\/","title":{"rendered":"La Reial Acad\u00e8mia de Farm\u00e0cia organitza una sessi\u00f3 p\u00fablica sobre dispositius m\u00e8dics."},"content":{"rendered":"<p>El <strong>Reial Academia de Farmacia de Catalunya<\/strong> acogi\u00f3, el pasado mi\u00e9rcoles, 10 de mayo, una sesi\u00f3n p\u00fablica sobre los nuevos Reglamentos Europeos de Productos Sanitarios. El acto ha partido de una iniciativa conjunta entre dos secciones de la Academia, la Secci\u00f3n III, de Farmacia Industrial, y la Secci\u00f3n V, de Historia, Legislaci\u00f3n y Deontolog\u00eda. Y fue moderado por <strong>Merc\u00e8 Camps<\/strong>, directora de nuestro gabinete y miembro de la <a href=\"http:\/\/rafc.cat\/es\/\" target=\"_blank\" rel=\"noopener\">RAFC<\/a>.<\/p>\n<p>La sesi\u00f3n cont\u00f3 con la intervenci\u00f3n de <strong>M\u00aa Carmen Abad Luna<\/strong>, Jefa de Departamento de Productos Sanitarios de la Agencia Espa\u00f1ola de Medicamentos y Productos Sanitarios (<strong>AEMPS<\/strong>). \u00a0Abad ofreci\u00f3 la presentaci\u00f3n \u201c<em>Reglamentos Europeos de productos Sanitarios: un marco legal renovado acorde con el impacto y la innovaci\u00f3n del sector<\/em>\u201d.<\/p>\n<div id=\"attachment_2871\" style=\"width: 1034px\" class=\"wp-caption alignnone\"><a href=\"https:\/\/mcamps.com\/wp-content\/uploads\/2017\/05\/IMG_20170510_185136533_HDR.jpg\" target=\"_blank\" rel=\"noopener\"><img decoding=\"async\" aria-describedby=\"caption-attachment-2871\" class=\"wp-image-2871 size-large\" src=\"https:\/\/mcamps.com\/wp-content\/uploads\/2017\/05\/IMG_20170510_185136533_HDR-1024x576.jpg\" alt=\"Reial Academia de Farmacia. Sesi\u00f3n de Productos Sanitarios a cargo de Carmen Abad (AEMPS). \" width=\"1024\" height=\"576\" title=\"\"><\/a><p id=\"caption-attachment-2871\" class=\"wp-caption-text\">Reial Acad\u00e8mia de Farm\u00e0cia. Sessi\u00f3 sobre dispositius m\u00e8dics a c\u00e0rrec de Carmen Abad (AEMPS).<\/p><\/div>\n<h3><strong>Nuevos Reglamentos de Productos Sanitarios y IVD\u2019s <\/strong><\/h3>\n<p>En primer lugar, hay que explicar que el acto ha sido de especial relevancia por un motivo. Y es que hoy hace justo una semana que se publicaron los <a href=\"https:\/\/mcamps.com\/reglamento-2017-745-prod-sanitarios\/\" target=\"_blank\" rel=\"noopener\">Nova normativa de dispositius m\u00e8dics<\/a>.<\/p>\n<ul>\n<li>El\u00a0<strong>Reglamento 2017\/745, sobre Productos Sanitarios<\/strong>\u00a0(175 p\u00e1ginas, 123 art\u00edculos, 10 cap\u00edtulos y 16 anexos )<\/li>\n<li>El\u00a0<strong>Reglament 2017\/746 sobre dispositius m\u00e8dics de diagn\u00f2stic in vitro<\/strong>\u00a0-IVD\u2019s (157 p\u00e1ginas, 113 art\u00edculos, 10 cap\u00edtulos y 15 anexos).<\/li>\n<\/ul>\n<p>Adem\u00e1s, fue la primera aparici\u00f3n p\u00fablica en la que la responsable de Productos Sanitarios de la AEMPS, <strong>Carmen Abad<\/strong>, hablaba sobre estos cambios regulatorios.<\/p>\n<div id=\"attachment_2872\" style=\"width: 1034px\" class=\"wp-caption alignnone\"><a href=\"https:\/\/mcamps.com\/wp-content\/uploads\/2017\/05\/IMG_20170510_184749197_HDR.jpg\" target=\"_blank\" rel=\"noopener\"><img decoding=\"async\" aria-describedby=\"caption-attachment-2872\" class=\"size-large wp-image-2872\" src=\"https:\/\/mcamps.com\/wp-content\/uploads\/2017\/05\/IMG_20170510_184749197_HDR-1024x576.jpg\" alt=\"Reial Academia de Farmacia. Sesi\u00f3n de Productos Sanitarios a cargo de Carmen Abad (AEMPS). \" width=\"1024\" height=\"576\" title=\"\" srcset=\"https:\/\/mcamps.com\/wp-content\/uploads\/2017\/05\/IMG_20170510_184749197_HDR-1024x576.jpg 1024w, https:\/\/mcamps.com\/wp-content\/uploads\/2017\/05\/IMG_20170510_184749197_HDR-300x169.jpg 300w, https:\/\/mcamps.com\/wp-content\/uploads\/2017\/05\/IMG_20170510_184749197_HDR-768x432.jpg 768w, https:\/\/mcamps.com\/wp-content\/uploads\/2017\/05\/IMG_20170510_184749197_HDR.jpg 1280w\" sizes=\"(max-width: 1024px) 100vw, 1024px\" \/><\/a><p id=\"caption-attachment-2872\" class=\"wp-caption-text\">Reial Acad\u00e8mia de Farm\u00e0cia. Sessi\u00f3 sobre dispositius m\u00e8dics a c\u00e0rrec de Carmen Abad (AEMPS).<\/p><\/div>\n<h3><strong>Nuevo Real Decreto de Productos Sanitarios <\/strong><\/h3>\n<p>A lo largo de la presentaci\u00f3n, Carmen Abad anunci\u00f3 oficialmente que, tras la publicaci\u00f3n de los nuevos reglamentos europeos, <strong>ser\u00e1 necesario tramitar un nuevo Real Decreto<\/strong>. Es decir, una normativa espa\u00f1ola que contempla aspectos que no est\u00e1n en el Reglamento. Como por ejemplo, la publicidad de Productos Sanitarios y IVD&#8217;s.<\/p>\n<p>Adem\u00e1s, explic\u00f3 Abad, estos cambios tambi\u00e9n implicar\u00e1n \u201cuna modificaci\u00f3n del texto de la Ley de Garant\u00edas\u201d.<\/p>\n<div id=\"attachment_2878\" style=\"width: 1034px\" class=\"wp-caption aligncenter\"><a href=\"https:\/\/mcamps.com\/wp-content\/uploads\/2017\/05\/IMG_20170510_185111706_HDR.jpg\" target=\"_blank\" rel=\"noopener\"><img decoding=\"async\" aria-describedby=\"caption-attachment-2878\" class=\"wp-image-2878 size-large\" src=\"https:\/\/mcamps.com\/wp-content\/uploads\/2017\/05\/IMG_20170510_185111706_HDR-1024x576.jpg\" alt=\"Reial Academia de Farmacia. Sesi\u00f3n de Productos Sanitarios a cargo de Carmen Abad (AEMPS). \" width=\"1024\" height=\"576\" title=\"\" srcset=\"https:\/\/mcamps.com\/wp-content\/uploads\/2017\/05\/IMG_20170510_185111706_HDR-1024x576.jpg 1024w, https:\/\/mcamps.com\/wp-content\/uploads\/2017\/05\/IMG_20170510_185111706_HDR-300x169.jpg 300w, https:\/\/mcamps.com\/wp-content\/uploads\/2017\/05\/IMG_20170510_185111706_HDR-768x432.jpg 768w, https:\/\/mcamps.com\/wp-content\/uploads\/2017\/05\/IMG_20170510_185111706_HDR.jpg 1280w\" sizes=\"(max-width: 1024px) 100vw, 1024px\" \/><\/a><p id=\"caption-attachment-2878\" class=\"wp-caption-text\">Reial Acad\u00e8mia de Farm\u00e0cia. Sessi\u00f3 sobre dispositius m\u00e8dics a c\u00e0rrec de Carmen Abad (AEMPS).<\/p><\/div>\n<h3><strong>\u00c9xito de la sesi\u00f3n en la Reial Academia<\/strong><strong> de Farmacia<\/strong><\/h3>\n<p>Por un lado, nos gustar\u00eda felicitar a las secciones III y V de la <strong>Reial Acad\u00e8mia de Farmac\u00e0cia de Catalunya<\/strong>. La sesi\u00f3n fue un \u00e9xito, sobre todo por el hecho de tratar por primera vez sobre los Productos Sanitarios. Y m\u00e1s, en un momento en que el sector est\u00e1 en v\u00edas de renovaci\u00f3n.<\/p>\n<p>Adem\u00e1s, queremos resaltar el gran n\u00famero de asistentes.De hecho, se ocuparon todas las sillas del Sal\u00f3n de Actos de la RAFC. Y hubo hasta quienes siguieron la sesi\u00f3n de pie. Por \u00faltimo, queremos animar a la Reial Acad\u00e8mia a seguir organizando todo tipo de conferencias relacionadas con los Productos Sanitarios.<\/p>","protected":false},"excerpt":{"rendered":"<p>La Reial Academia de Farmacia de Catalunya acogi\u00f3, el pasado mi\u00e9rcoles, 10 de mayo, una sesi\u00f3n p\u00fablica sobre los nuevos Reglamentos Europeos de Productos Sanitarios. El acto ha partido de una iniciativa conjunta entre dos secciones de la Academia, la Secci\u00f3n III, de Farmacia Industrial, y la Secci\u00f3n V, de Historia, Legislaci\u00f3n y Deontolog\u00eda. Y [&hellip;]<\/p>\n","protected":false},"author":1,"featured_media":2870,"comment_status":"open","ping_status":"closed","sticky":false,"template":"","format":"standard","meta":{"_et_pb_use_builder":"","_et_pb_old_content":"","_et_gb_content_width":"","inline_featured_image":false,"footnotes":""},"categories":[199,301,50],"tags":[682,287,684,680],"class_list":["post-2869","post","type-post","status-publish","format-standard","has-post-thumbnail","hentry","category-productos-sanitarios","category-formacion","category-noticias","tag-carmen-abad","tag-productos-sanitarios","tag-reglamento-productos-sanitarios","tag-reial-academia-de-farmacia"],"_links":{"self":[{"href":"https:\/\/mcampsco-cp176.wordpresstemporal.com\/cat\/wp-json\/wp\/v2\/posts\/2869","targetHints":{"allow":["GET"]}}],"collection":[{"href":"https:\/\/mcampsco-cp176.wordpresstemporal.com\/cat\/wp-json\/wp\/v2\/posts"}],"about":[{"href":"https:\/\/mcampsco-cp176.wordpresstemporal.com\/cat\/wp-json\/wp\/v2\/types\/post"}],"author":[{"embeddable":true,"href":"https:\/\/mcampsco-cp176.wordpresstemporal.com\/cat\/wp-json\/wp\/v2\/users\/1"}],"replies":[{"embeddable":true,"href":"https:\/\/mcampsco-cp176.wordpresstemporal.com\/cat\/wp-json\/wp\/v2\/comments?post=2869"}],"version-history":[{"count":0,"href":"https:\/\/mcampsco-cp176.wordpresstemporal.com\/cat\/wp-json\/wp\/v2\/posts\/2869\/revisions"}],"wp:featuredmedia":[{"embeddable":true,"href":"https:\/\/mcampsco-cp176.wordpresstemporal.com\/cat\/wp-json\/wp\/v2\/media\/2870"}],"wp:attachment":[{"href":"https:\/\/mcampsco-cp176.wordpresstemporal.com\/cat\/wp-json\/wp\/v2\/media?parent=2869"}],"wp:term":[{"taxonomy":"category","embeddable":true,"href":"https:\/\/mcampsco-cp176.wordpresstemporal.com\/cat\/wp-json\/wp\/v2\/categories?post=2869"},{"taxonomy":"post_tag","embeddable":true,"href":"https:\/\/mcampsco-cp176.wordpresstemporal.com\/cat\/wp-json\/wp\/v2\/tags?post=2869"}],"curies":[{"name":"wp","href":"https:\/\/api.w.org\/{rel}","templated":true}]}}