{"id":2884,"date":"2017-05-16T12:14:20","date_gmt":"2017-05-16T11:14:20","guid":{"rendered":"https:\/\/mcamps.com\/?p=2884"},"modified":"2017-05-19T12:38:52","modified_gmt":"2017-05-19T11:38:52","slug":"good-morning-medtech-business-france","status":"publish","type":"post","link":"https:\/\/mcampsco-cp176.wordpresstemporal.com\/cat\/good-morning-medtech-business-france\/","title":{"rendered":"Bon dia MedTech: tecnologies sanit\u00e0ries de Business France"},"content":{"rendered":"<p>Dijous passat, 4 de maig, va tenir lloc l'esdeveniment Good Morning MedTech, organitzat per Business France. Durant tot el mat\u00ed, diverses empreses de tecnologia sanit\u00e0ria es van reunir a l'Hotel Crowne Plaza (antigament Palau de la Fira) per parlar de cooperaci\u00f3, de les relacions entre Espanya i Fran\u00e7a i de la internacionalitzaci\u00f3 del sector.<\/p>\n<p><a href=\"http:\/\/www.businessfrance.fr\/\" target=\"_blank\" rel=\"noopener\">Business France<\/a> Forma part de la xarxa diplom\u00e0tica francesa a Espanya. Els objectius de l'organitzaci\u00f3 s\u00f3n donar suport a les empreses exportadores franceses i facilitar l'establiment d'empreses estrangeres a Fran\u00e7a. En resum, actua com a intermediari entre empreses franceses i estrangeres per promoure les importacions i les exportacions a Fran\u00e7a. Business France tamb\u00e9 ha estat, des de fa molts anys, un <a href=\"https:\/\/mcamps.com\/\" target=\"_blank\" rel=\"noopener\">organitzaci\u00f3 s\u00f2cia de GTF M. Camps. <\/a>La nostra consultoria fa temps que d\u00f3na suport a l'organitzaci\u00f3 francesa, proporcionant solucions a q\u00fcestions reguladores en el sector sanitari.<\/p>\n<p>&nbsp;<\/p>\n<p><a href=\"https:\/\/mcamps.com\/wp-content\/uploads\/2017\/05\/good-morning-medtech-2.jpg\" target=\"_blank\" rel=\"noopener\"><img decoding=\"async\" class=\"aligncenter size-full wp-image-2886\" src=\"https:\/\/mcamps.com\/wp-content\/uploads\/2017\/05\/good-morning-medtech-2.jpg\" alt=\"good morning medtech 2\" width=\"1000\" height=\"500\" title=\"\" srcset=\"https:\/\/mcamps.com\/wp-content\/uploads\/2017\/05\/good-morning-medtech-2.jpg 1000w, https:\/\/mcamps.com\/wp-content\/uploads\/2017\/05\/good-morning-medtech-2-300x150.jpg 300w, https:\/\/mcamps.com\/wp-content\/uploads\/2017\/05\/good-morning-medtech-2-768x384.jpg 768w\" sizes=\"(max-width: 1000px) 100vw, 1000px\" \/><\/a><\/p>\n<p>&nbsp;<\/p>\n<h3><strong>Bons matins, seminaris d'informaci\u00f3 MedTech: presentant el mercat espanyol a les empreses franceses <\/strong><\/h3>\n<p>Els seminaris informatius, condu\u00efts per especialistes espanyols del sector, es van celebrar de 9 a 11 del mat\u00ed. \u00a0El primer a parlar va ser C\u00e9sar Rubio, coordinador de Salut Digital a la Federaci\u00f3 Espanyola d'Empreses de Tecnologia Sanit\u00e0ria (FENIN). Rubio va parlar de l'estat actual del mercat de la tecnologia sanit\u00e0ria i de la situaci\u00f3 de la salut digital a Espanya. Tamb\u00e9 va proporcionar una gran quantitat de dades estad\u00edstiques sobre les operacions del sector i la seva posici\u00f3 actual.<\/p>\n<p>A continuaci\u00f3, va ser el torn de Merc\u00e8 Camps, directora de l'Oficina T\u00e8cnica Farmac\u00e8utica M. Camps. La veterana consultora en afers reguladors va fer una presentaci\u00f3 sobre la comercialitzaci\u00f3 de dispositius m\u00e8dics a Espanya i va parlar dels canvis a l'horitz\u00f3 despr\u00e9s de l'aprovaci\u00f3 de les noves regulacions per a dispositius m\u00e8dics i de diagn\u00f2stic in vitro (IVD).<\/p>\n<p><a href=\"https:\/\/mcamps.com\/wp-content\/uploads\/2017\/05\/merce-camps-en-Good-Morning-MedTech.png\" target=\"_blank\" rel=\"noopener\"><img decoding=\"async\" class=\"aligncenter size-full wp-image-2896\" src=\"https:\/\/mcamps.com\/wp-content\/uploads\/2017\/05\/merce-camps-en-Good-Morning-MedTech.png\" alt=\"merce camps en Good Morning MedTech\" width=\"800\" height=\"500\" title=\"\" srcset=\"https:\/\/mcamps.com\/wp-content\/uploads\/2017\/05\/merce-camps-en-Good-Morning-MedTech.png 800w, https:\/\/mcamps.com\/wp-content\/uploads\/2017\/05\/merce-camps-en-Good-Morning-MedTech-300x188.png 300w, https:\/\/mcamps.com\/wp-content\/uploads\/2017\/05\/merce-camps-en-Good-Morning-MedTech-768x480.png 768w\" sizes=\"(max-width: 800px) 100vw, 800px\" \/><\/a><\/p>\n<h3><strong>B2B a Good Morning MedTech<\/strong><\/h3>\n<p>Despr\u00e9s dels seminaris informatius, es van fer diverses presentacions d'empreses de tecnologia m\u00e8dica davant d'un panell d'experts, i es va dur a terme un taller de networking per fomentar contactes entre empreses espanyoles i franceses del sector. Finalment, es va oferir un espai per a reunions B2B amb els assistents a l'esdeveniment.<\/p>\n<div id=\"attachment_2892\" style=\"width: 810px\" class=\"wp-caption aligncenter\"><a href=\"https:\/\/mcamps.com\/wp-content\/uploads\/2017\/05\/El-espacio-de-GTF-M.-Camps-en-Good-Morning-MedTech.jpg\" target=\"_blank\" rel=\"noopener\"><img decoding=\"async\" aria-describedby=\"caption-attachment-2892\" class=\"wp-image-2892 size-full\" src=\"https:\/\/mcamps.com\/wp-content\/uploads\/2017\/05\/El-espacio-de-GTF-M.-Camps-en-Good-Morning-MedTech.jpg\" alt=\"El espacio de GTF M. Camps en Good Morning MedTech\" width=\"800\" height=\"500\" title=\"\" srcset=\"https:\/\/mcamps.com\/wp-content\/uploads\/2017\/05\/El-espacio-de-GTF-M.-Camps-en-Good-Morning-MedTech.jpg 800w, https:\/\/mcamps.com\/wp-content\/uploads\/2017\/05\/El-espacio-de-GTF-M.-Camps-en-Good-Morning-MedTech-300x188.jpg 300w, https:\/\/mcamps.com\/wp-content\/uploads\/2017\/05\/El-espacio-de-GTF-M.-Camps-en-Good-Morning-MedTech-768x480.jpg 768w\" sizes=\"(max-width: 800px) 100vw, 800px\" \/><\/a><p id=\"caption-attachment-2892\" class=\"wp-caption-text\">El segment de GTF M. Camps a Good Morning MedTech<\/p><\/div>\n<p>&nbsp;<\/p>","protected":false},"excerpt":{"rendered":"<p>El pasado jueves 4 de mayo, se celebr\u00f3 la jornada Good Morning MedTech, organizada por Business France. A lo largo de la ma\u00f1ana, varias empresas de tecnolog\u00edas sanitarias se dieron cita en el Hotel Crowne-Plaza (ExFira Palace), para hablar sobre cooperaci\u00f3n, relaciones Espa\u00f1a-Francia e internacionalizaci\u00f3n del sector. Business France forma parte de la red diplom\u00e1tica [&hellip;]<\/p>\n","protected":false},"author":1,"featured_media":2889,"comment_status":"open","ping_status":"closed","sticky":false,"template":"","format":"standard","meta":{"_et_pb_use_builder":"","_et_pb_old_content":"","_et_gb_content_width":"","inline_featured_image":false,"footnotes":""},"categories":[199,301,50],"tags":[686,698,694,696,690,688,692,287],"class_list":["post-2884","post","type-post","status-publish","format-standard","has-post-thumbnail","hentry","category-productos-sanitarios","category-formacion","category-noticias","tag-business-france","tag-espana","tag-exportacion","tag-francia","tag-gabinete-tecnico-farmaceutico-m-camps","tag-good-morning-medtech","tag-importacion","tag-productos-sanitarios"],"_links":{"self":[{"href":"https:\/\/mcampsco-cp176.wordpresstemporal.com\/cat\/wp-json\/wp\/v2\/posts\/2884","targetHints":{"allow":["GET"]}}],"collection":[{"href":"https:\/\/mcampsco-cp176.wordpresstemporal.com\/cat\/wp-json\/wp\/v2\/posts"}],"about":[{"href":"https:\/\/mcampsco-cp176.wordpresstemporal.com\/cat\/wp-json\/wp\/v2\/types\/post"}],"author":[{"embeddable":true,"href":"https:\/\/mcampsco-cp176.wordpresstemporal.com\/cat\/wp-json\/wp\/v2\/users\/1"}],"replies":[{"embeddable":true,"href":"https:\/\/mcampsco-cp176.wordpresstemporal.com\/cat\/wp-json\/wp\/v2\/comments?post=2884"}],"version-history":[{"count":0,"href":"https:\/\/mcampsco-cp176.wordpresstemporal.com\/cat\/wp-json\/wp\/v2\/posts\/2884\/revisions"}],"wp:featuredmedia":[{"embeddable":true,"href":"https:\/\/mcampsco-cp176.wordpresstemporal.com\/cat\/wp-json\/wp\/v2\/media\/2889"}],"wp:attachment":[{"href":"https:\/\/mcampsco-cp176.wordpresstemporal.com\/cat\/wp-json\/wp\/v2\/media?parent=2884"}],"wp:term":[{"taxonomy":"category","embeddable":true,"href":"https:\/\/mcampsco-cp176.wordpresstemporal.com\/cat\/wp-json\/wp\/v2\/categories?post=2884"},{"taxonomy":"post_tag","embeddable":true,"href":"https:\/\/mcampsco-cp176.wordpresstemporal.com\/cat\/wp-json\/wp\/v2\/tags?post=2884"}],"curies":[{"name":"wp","href":"https:\/\/api.w.org\/{rel}","templated":true}]}}