{"id":2251,"date":"2016-04-07T12:25:22","date_gmt":"2016-04-07T11:25:22","guid":{"rendered":"https:\/\/mcamps.com\/?p=2251"},"modified":"2016-04-07T12:25:22","modified_gmt":"2016-04-07T11:25:22","slug":"anefp-y-el-cofb-organizan-el-cocos-day-2016","status":"publish","type":"post","link":"https:\/\/mcampsco-cp176.wordpresstemporal.com\/eng\/anefp-y-el-cofb-organizan-el-cocos-day-2016\/","title":{"rendered":"ANEFP and COFB organise COCOS Day 2016"},"content":{"rendered":"<p>On 21 April, Barcelona will be the venue for the <strong>COCOS Day<\/strong>, a dermocosmetics training day for the members of <strong>ANEFP<\/strong>, The event, focused on the Marketing and Registration departments of companies in the sector, is organised by the <strong>Committee on Cosmetics (COCOS)<\/strong> of the association, under the slogan \u201c<em>Listening, feeling, working dermo-cosmetics in the pharmacy<\/em>.\u201d<\/p>\n<p>The Director General of ANEFP, <strong>Jaume Pey<\/strong>, will be in charge of presenting and closing the conference. The opening talk will be given by <strong>N\u00faria Bosch<\/strong>, The COFB's Dermopharmaceuticals and Medical Devices Committee member. Afterwards, the following members will take the floor <strong>Dermopharmaceuticals and Medical Devices <\/strong>of the COFM and the COF Sevilla - <strong>Rosal\u00eda Gozalo<\/strong> y <strong>Gema Herrer\u00edas<\/strong>, The General Manager of IMS Heath Spain, respectively - the General Manager of IMS Heath Spain, <strong>Concha Almarza<\/strong> and the National Spokesperson for Dermopharmacy of the CGCOF, \u00a0<strong>Cristina Tiemblo<\/strong>.<\/p>\n<p>There will also be several activities dedicated to the <strong>pharmacy 2.0<\/strong>, The event was attended by the pharmacist and specialist in online communication <strong>Inma Riu<\/strong>, \u201c<em>How to leverage social media to generate customer traffic to the pharmacy<\/em>\u201dand a round table on pharmacy blogs, which will be led by dermo-bloggers <strong>Paz Arnau, Mar\u00eda Rivera and Tamar Troncoso<\/strong>, and will be moderated by <strong>Eva March<\/strong>, President of the Cosmetics Committee (COCOS) of ANEFP.<\/p>\n<p>GTF would like to thank the Cosmetics Committee for the preparation of this interesting training day and we look forward to actively participating in the development of the activities throughout the day.<\/p>","protected":false},"excerpt":{"rendered":"<p>El pr\u00f3ximo 21 de Abril, se celebrar\u00e1 en Barcelona el COCOS Day, una jornada de formaci\u00f3n en dermocosm\u00e9tica para los socios de ANEFP, enfocada a los departmentos de Marketing y Registros de empresas del sector, y que organiza el Comit\u00e9 de Cosm\u00e9ticos (COCOS) de la asociaci\u00f3n, bajo el lema \u201cEscuchar, sentir, trabajar la dermocosm\u00e9tica en [&hellip;]<\/p>\n","protected":false},"author":1,"featured_media":2252,"comment_status":"open","ping_status":"closed","sticky":false,"template":"","format":"standard","meta":{"_et_pb_use_builder":"","_et_pb_old_content":"","_et_gb_content_width":"","inline_featured_image":false,"footnotes":""},"categories":[99,301,50],"tags":[329,319,347,343,345,303],"class_list":["post-2251","post","type-post","status-publish","format-standard","has-post-thumbnail","hentry","category-cosmeticos","category-formacion","category-noticias","tag-anefp","tag-cofb","tag-comite-de-cosmeticos-cocos","tag-dermocosmetica","tag-farmacia-2-0","tag-formacion"],"_links":{"self":[{"href":"https:\/\/mcampsco-cp176.wordpresstemporal.com\/eng\/wp-json\/wp\/v2\/posts\/2251","targetHints":{"allow":["GET"]}}],"collection":[{"href":"https:\/\/mcampsco-cp176.wordpresstemporal.com\/eng\/wp-json\/wp\/v2\/posts"}],"about":[{"href":"https:\/\/mcampsco-cp176.wordpresstemporal.com\/eng\/wp-json\/wp\/v2\/types\/post"}],"author":[{"embeddable":true,"href":"https:\/\/mcampsco-cp176.wordpresstemporal.com\/eng\/wp-json\/wp\/v2\/users\/1"}],"replies":[{"embeddable":true,"href":"https:\/\/mcampsco-cp176.wordpresstemporal.com\/eng\/wp-json\/wp\/v2\/comments?post=2251"}],"version-history":[{"count":0,"href":"https:\/\/mcampsco-cp176.wordpresstemporal.com\/eng\/wp-json\/wp\/v2\/posts\/2251\/revisions"}],"wp:featuredmedia":[{"embeddable":true,"href":"https:\/\/mcampsco-cp176.wordpresstemporal.com\/eng\/wp-json\/wp\/v2\/media\/2252"}],"wp:attachment":[{"href":"https:\/\/mcampsco-cp176.wordpresstemporal.com\/eng\/wp-json\/wp\/v2\/media?parent=2251"}],"wp:term":[{"taxonomy":"category","embeddable":true,"href":"https:\/\/mcampsco-cp176.wordpresstemporal.com\/eng\/wp-json\/wp\/v2\/categories?post=2251"},{"taxonomy":"post_tag","embeddable":true,"href":"https:\/\/mcampsco-cp176.wordpresstemporal.com\/eng\/wp-json\/wp\/v2\/tags?post=2251"}],"curies":[{"name":"wp","href":"https:\/\/api.w.org\/{rel}","templated":true}]}}