{"id":3121,"date":"2017-11-30T12:43:49","date_gmt":"2017-11-30T11:43:49","guid":{"rendered":"https:\/\/mcamps.com\/?p=3121"},"modified":"2017-11-30T13:37:30","modified_gmt":"2017-11-30T12:37:30","slug":"jornada-formativa-sobre-productos-sanitarios","status":"publish","type":"post","link":"https:\/\/mcampsco-cp176.wordpresstemporal.com\/eng\/jornada-formativa-sobre-productos-sanitarios\/","title":{"rendered":"Training day on Medical Devices at COFB"},"content":{"rendered":"<p><strong>Training day on Medical Devices<\/strong>- On Wednesday 29 November, the <strong>Gabinete T\u00e9cnico Farmac\u00e9utico M. Camps<\/strong> organised in the <strong>COFB<\/strong>together with <strong>INTERCER<\/strong>a conference on the most relevant aspects of the new <strong>Medical Devices Regulation (EU) 2017\/745<\/strong>.<\/p>\n<p>The key points of the recently published regulation were discussed: the novelties introduced in Medical Devices. Among them, the <strong>Technical File<\/strong> and the <strong>clinical evaluation<\/strong> of these products. In addition, the following issues have also been discussed<strong> software and health apps<\/strong>and an overview was given of the <strong>ISO 13485:2016<\/strong> y \u00a0<strong>10993<\/strong>.<\/p>\n<p>The course was attended by around 30 participants, members of the technical departments of various companies in the sector. The aim of the course was to provide practical and clear information on the placing on the market of Medical Devices from 2020, when the new regulations will come into force for the whole of the Eurozone.<\/p>\n<div id=\"attachment_3126\" style=\"width: 910px\" class=\"wp-caption aligncenter\"><img decoding=\"async\" aria-describedby=\"caption-attachment-3126\" class=\"wp-image-3126 size-full\" src=\"https:\/\/mcamps.com\/wp-content\/uploads\/2017\/11\/Dise\u00f1o-sin-t\u00edtulo-29.png\" alt=\"Los ponentes de la Jornada formativa sobre Productos Sanitarios: de izquierda a derecha, Joaquim G\u00f3mez, Montse Figueras, Merc\u00e8 Camps, Carlos Gonz\u00e1lez, Jorge P\u00e9rez y Ramon L\u00f3pez \" width=\"900\" height=\"592\" title=\"\" srcset=\"https:\/\/mcamps.com\/wp-content\/uploads\/2017\/11\/Dise\u00f1o-sin-t\u00edtulo-29.png 900w, https:\/\/mcamps.com\/wp-content\/uploads\/2017\/11\/Dise\u00f1o-sin-t\u00edtulo-29-300x197.png 300w, https:\/\/mcamps.com\/wp-content\/uploads\/2017\/11\/Dise\u00f1o-sin-t\u00edtulo-29-768x505.png 768w\" sizes=\"(max-width: 900px) 100vw, 900px\" \/><p id=\"caption-attachment-3126\" class=\"wp-caption-text\">The speakers at the Training Day on Medical Devices: from left to right, Joaquim G\u00f3mez, Montse Figueras, Merc\u00e8 Camps, Carlos Gonz\u00e1lez, Jorge P\u00e9rez and Ramon L\u00f3pez.<\/p><\/div>\n<h2><strong>The day's programme: Medical Devices Regulation and ISO standards in the sector <\/strong><\/h2>\n<p>In the morning, a presentation of the speakers and the agenda was given. And the training session began with a presentation by <strong>Merc\u00e8 Camps<\/strong>The second presentation was given by the expert in medical devices and director of GTF, on the changes introduced by the new Regulation. The second presentation, by <strong>Carlos Gonz\u00e1lez<\/strong>The GTF technical department member focused on the content of the Technical File. Later on, he <strong>Ramon L\u00f3pez<\/strong>Our clinical collaborator of GTF, gave a presentation on Clinical Assessment in the new Regulation. And finally, our technical partner <strong>Joaquim G\u00f3mez<\/strong>gave an introduction to software and apps for healthcare use.<\/p>\n<p>After a lunch break, there were still two more sessions on ISO standards in the afternoon.  The first was given by <strong>Jorge P\u00e9rez<\/strong>, an expert auditor in <a href=\"http:\/\/www.intercer.es\/aboutus.html\" target=\"_blank\" rel=\"noopener\">INTERCER<\/a>. And he was in charge of talking about what's new in the new version of the <strong>ISO 13485:2016<\/strong>. The second lecture was given by the toxicology expert from <a href=\"http:\/\/www.pcb.ub.edu\/portal\/documents\/10181\/317054\/fitxa_pt_utox_ES.pdf\/411b7e55-e9b8-4295-af9a-ec4439007b1c\" target=\"_blank\" rel=\"noopener\">UTOX-PCB<\/a>, <strong>Angel Menargues<\/strong>. If applicable, he explained the biocompatibility tests according to the standard<strong> ISO 10993<\/strong>.<\/p>\n<p><img decoding=\"async\" class=\"aligncenter size-full wp-image-3128\" src=\"https:\/\/mcamps.com\/wp-content\/uploads\/2017\/11\/Dise\u00f1o-sin-t\u00edtulo-31.png\" alt=\"Jornada formativa sobre Productos Sanitarios GTF COFB\" width=\"900\" height=\"592\" title=\"\" srcset=\"https:\/\/mcamps.com\/wp-content\/uploads\/2017\/11\/Dise\u00f1o-sin-t\u00edtulo-31.png 900w, https:\/\/mcamps.com\/wp-content\/uploads\/2017\/11\/Dise\u00f1o-sin-t\u00edtulo-31-300x197.png 300w, https:\/\/mcamps.com\/wp-content\/uploads\/2017\/11\/Dise\u00f1o-sin-t\u00edtulo-31-768x505.png 768w\" sizes=\"(max-width: 900px) 100vw, 900px\" \/><\/p>\n<h2><strong>Conclusions of the Training Day on Medical Devices and future training proposals <\/strong><\/h2>\n<p>At the end of the day, the conclusions of the event were presented. The training was then brought to a close and diplomas were awarded to the participants. After the success of this edition, the <strong>Gabinete T\u00e9cnico Farmac\u00e9utico M. Camps<\/strong>We hope to be able to repeat the programme on a regular basis from 2018 onwards.<\/p>\n<p>Among our training proposals, we will soon also be running two courses on the<strong> ISO 13485<\/strong>. One for <strong>Internal Audit<\/strong> and the other for<strong> Chief Auditor<\/strong>both accredited by <strong>ERCA<\/strong>. If you would like to receive more information about the training courses that we organise at GTF, please contact us at <a href=\"https:\/\/mcamps.com\/contacto\/\" target=\"_blank\" rel=\"noopener\">subscribe to our newsletter<\/a>.<\/p>","protected":false},"excerpt":{"rendered":"<p>Jornada formativa sobre Productos Sanitarios&#8211; El pasado mi\u00e9rcoles 29 de noviembre, el Gabinete T\u00e9cnico Farmac\u00e9utico M. Camps organiz\u00f3 en el COFB, junto con INTERCER, una jornada sobre los aspectos m\u00e1s relevantes del nuevo Reglamento (UE) 2017\/745 sobre Productos Sanitarios. En ella se ha hablado sobre las claves de la reci\u00e9n publicada normativa: las novedades introducidas [&hellip;]<\/p>\n","protected":false},"author":1,"featured_media":3124,"comment_status":"open","ping_status":"closed","sticky":false,"template":"","format":"standard","meta":{"_et_pb_use_builder":"","_et_pb_old_content":"","_et_gb_content_width":"","inline_featured_image":false,"footnotes":""},"categories":[199,301,50],"tags":[319,203,800,804,802,798,517,806],"class_list":["post-3121","post","type-post","status-publish","format-standard","has-post-thumbnail","hentry","category-productos-sanitarios","category-formacion","category-noticias","tag-cofb","tag-gtf","tag-intercer","tag-iso-13485","tag-iso-134852016","tag-jornada-formativa-sobre-productos-sanitarios","tag-merce-camps","tag-reglamento-ue-2017745-sobre-productos-sanitarios"],"_links":{"self":[{"href":"https:\/\/mcampsco-cp176.wordpresstemporal.com\/eng\/wp-json\/wp\/v2\/posts\/3121","targetHints":{"allow":["GET"]}}],"collection":[{"href":"https:\/\/mcampsco-cp176.wordpresstemporal.com\/eng\/wp-json\/wp\/v2\/posts"}],"about":[{"href":"https:\/\/mcampsco-cp176.wordpresstemporal.com\/eng\/wp-json\/wp\/v2\/types\/post"}],"author":[{"embeddable":true,"href":"https:\/\/mcampsco-cp176.wordpresstemporal.com\/eng\/wp-json\/wp\/v2\/users\/1"}],"replies":[{"embeddable":true,"href":"https:\/\/mcampsco-cp176.wordpresstemporal.com\/eng\/wp-json\/wp\/v2\/comments?post=3121"}],"version-history":[{"count":0,"href":"https:\/\/mcampsco-cp176.wordpresstemporal.com\/eng\/wp-json\/wp\/v2\/posts\/3121\/revisions"}],"wp:featuredmedia":[{"embeddable":true,"href":"https:\/\/mcampsco-cp176.wordpresstemporal.com\/eng\/wp-json\/wp\/v2\/media\/3124"}],"wp:attachment":[{"href":"https:\/\/mcampsco-cp176.wordpresstemporal.com\/eng\/wp-json\/wp\/v2\/media?parent=3121"}],"wp:term":[{"taxonomy":"category","embeddable":true,"href":"https:\/\/mcampsco-cp176.wordpresstemporal.com\/eng\/wp-json\/wp\/v2\/categories?post=3121"},{"taxonomy":"post_tag","embeddable":true,"href":"https:\/\/mcampsco-cp176.wordpresstemporal.com\/eng\/wp-json\/wp\/v2\/tags?post=3121"}],"curies":[{"name":"wp","href":"https:\/\/api.w.org\/{rel}","templated":true}]}}