{"id":2593,"date":"2016-12-23T13:42:23","date_gmt":"2016-12-23T12:42:23","guid":{"rendered":"https:\/\/mcamps.com\/?p=2593"},"modified":"2017-02-02T14:34:41","modified_gmt":"2017-02-02T13:34:41","slug":"curso-cosmeticos-productos-sanitarios-aquimisa","status":"publish","type":"post","link":"https:\/\/mcampsco-cp176.wordpresstemporal.com\/fra\/curso-cosmeticos-productos-sanitarios-aquimisa\/","title":{"rendered":"Cours sur la r\u00e9glementation des cosm\u00e9tiques et des dispositifs m\u00e9dicaux"},"content":{"rendered":"<p>Les mardi 20 et mercredi 21 d\u00e9cembre derniers, <strong>Merc\u00e8 Camps<\/strong>, directrice du <strong>Gabinete T\u00e9cnico Farmac\u00e9utico M. Camps<\/strong>, s'est rendu \u00e0 Salamanque pour donner une <strong>cours<\/strong> concernant la r\u00e9glementation relative \u00e0 <strong>Cosm\u00e9tiques<\/strong> y <strong>Dispositifs m\u00e9dicaux<\/strong> au si\u00e8ge de <strong>Aquimisa Pharma<\/strong>.<\/p>\n<p>Cette proposition de formation s'inscrit dans le cadre de l'accord de collaboration que GTF a sign\u00e9 en milieu d'ann\u00e9e avec l'entreprise. Ce partenariat a d\u00e9j\u00e0 permis aux deux entreprises de partager, en septembre dernier, un stand lors de la 1re \u00e9dition du salon <strong>Cosm\u00e9torium<\/strong>.<\/p>\n<h2>Visite du laboratoire d'Aquimisa<\/h2>\n<p>\u00c0 l'issue de la session de formation, <strong>Aquimisa<\/strong> a invit\u00e9 notre directrice et tous les participants \u00e0 la formation \u00e0 visiter son <strong>laboratoire d'analyse<\/strong>. Camps a ainsi pu constater la grande qualit\u00e9 des installations de nos partenaires et observer sur place leur mani\u00e8re de travailler en laboratoire. Et, \u00e0 vrai dire, elle en a \u00e9t\u00e9 tr\u00e8s satisfaite.<\/p>\n<p>Nous tenons \u00e0 remercier [nom] pour son invitation.<a href=\"http:\/\/www.aquimisapharma.com\/laboratorio\" target=\"_blank\" rel=\"noopener\"><strong> Aquimisa Pharma<\/strong><\/a> et l'accueil chaleureux r\u00e9serv\u00e9 \u00e0 notre directrice lors de sa visite \u00e0 Salamanque. \u00c0 cet \u00e9gard, nous tenons \u00e0 r\u00e9affirmer notre engagement \u00e0 mener \u00e0 bien de nouveaux projets avec cette entreprise.<\/p>","protected":false},"excerpt":{"rendered":"<p>Los pasados martes 20 y mi\u00e9rcoles 21 de diciembre, Merc\u00e8 Camps, directora del Gabinete T\u00e9cnico Farmac\u00e9utico M. Camps, se desplaz\u00f3 a Salamanca para impartir un curso sobre la Normativa de Cosm\u00e9ticos y Productos Sanitarios en la sede de Aquimisa Pharma. Esta propuesta de formaci\u00f3n est\u00e1 enmarcada dentro del convenio de colaboraci\u00f3n que GTF firm\u00f3 a [&hellip;]<\/p>\n","protected":false},"author":1,"featured_media":2594,"comment_status":"open","ping_status":"closed","sticky":false,"template":"","format":"standard","meta":{"_et_pb_use_builder":"","_et_pb_old_content":"","_et_gb_content_width":"","inline_featured_image":false,"footnotes":""},"categories":[199,99,301,50],"tags":[507,573,187,103,575,303,287],"class_list":["post-2593","post","type-post","status-publish","format-standard","has-post-thumbnail","hentry","category-productos-sanitarios","category-cosmeticos","category-formacion","category-noticias","tag-aquimisa","tag-aquimisa-pharma","tag-cosmetica","tag-cosmeticos","tag-curso","tag-formacion","tag-productos-sanitarios"],"_links":{"self":[{"href":"https:\/\/mcampsco-cp176.wordpresstemporal.com\/fra\/wp-json\/wp\/v2\/posts\/2593","targetHints":{"allow":["GET"]}}],"collection":[{"href":"https:\/\/mcampsco-cp176.wordpresstemporal.com\/fra\/wp-json\/wp\/v2\/posts"}],"about":[{"href":"https:\/\/mcampsco-cp176.wordpresstemporal.com\/fra\/wp-json\/wp\/v2\/types\/post"}],"author":[{"embeddable":true,"href":"https:\/\/mcampsco-cp176.wordpresstemporal.com\/fra\/wp-json\/wp\/v2\/users\/1"}],"replies":[{"embeddable":true,"href":"https:\/\/mcampsco-cp176.wordpresstemporal.com\/fra\/wp-json\/wp\/v2\/comments?post=2593"}],"version-history":[{"count":0,"href":"https:\/\/mcampsco-cp176.wordpresstemporal.com\/fra\/wp-json\/wp\/v2\/posts\/2593\/revisions"}],"wp:featuredmedia":[{"embeddable":true,"href":"https:\/\/mcampsco-cp176.wordpresstemporal.com\/fra\/wp-json\/wp\/v2\/media\/2594"}],"wp:attachment":[{"href":"https:\/\/mcampsco-cp176.wordpresstemporal.com\/fra\/wp-json\/wp\/v2\/media?parent=2593"}],"wp:term":[{"taxonomy":"category","embeddable":true,"href":"https:\/\/mcampsco-cp176.wordpresstemporal.com\/fra\/wp-json\/wp\/v2\/categories?post=2593"},{"taxonomy":"post_tag","embeddable":true,"href":"https:\/\/mcampsco-cp176.wordpresstemporal.com\/fra\/wp-json\/wp\/v2\/tags?post=2593"}],"curies":[{"name":"wp","href":"https:\/\/api.w.org\/{rel}","templated":true}]}}