{"id":3403,"date":"2018-05-22T18:34:50","date_gmt":"2018-05-22T17:34:50","guid":{"rendered":"https:\/\/mcamps.com\/?p=3403"},"modified":"2018-05-22T18:35:57","modified_gmt":"2018-05-22T17:35:57","slug":"asamblea-general-ordinaria-beauty-cluster-barcelona","status":"publish","type":"post","link":"https:\/\/mcampsco-cp176.wordpresstemporal.com\/fra\/asamblea-general-ordinaria-beauty-cluster-barcelona\/","title":{"rendered":"Assembl\u00e9e g\u00e9n\u00e9rale ordinaire et nouveau conseil d'administration \u00e0 Beauty Cluster Barcelona"},"content":{"rendered":"<p>Jeudi dernier, le 17 mai, Beauty Cluster Barcelona a tenu son assembl\u00e9e g\u00e9n\u00e9rale ordinaire 2018. L'\u00e9v\u00e9nement annuel, qui s'est d\u00e9roul\u00e9 cette ann\u00e9e \u00e0 la Fundaci\u00f3 Mir\u00f3, a r\u00e9uni environ 80 membres du cluster. Le rapport annuel de l'institution a \u00e9t\u00e9 pr\u00e9sent\u00e9, qui expose les actions, les activit\u00e9s et la gestion du cluster. L'Assembl\u00e9e a \u00e9galement permis de renouveler le Conseil d'administration.<\/p>\n<h3><strong>Le nouveau conseil d'administration de Beauty Cluster Barcelona<\/strong><\/h3>\n<p>Tim Eaves, PDG de Quadpack Group, est devenu le nouveau pr\u00e9sident du Beauty Cluster Barcelona. Montserrat Mart\u00ed, CEO de Martiderm, quitte son poste de pr\u00e9sidente et devient vice-pr\u00e9sidente strat\u00e9gique du cluster. Elena Grau, CEO de EG Active Cosmetics, occupera d\u00e9sormais le poste de vice-pr\u00e9sidente op\u00e9rationnelle.<\/p>\n<p>Telle est la configuration du nouveau Beauty Cluster Barcelona Justa :<\/p>\n<p><img decoding=\"async\" class=\"aligncenter wp-image-3404\" src=\"https:\/\/mcamps.com\/wp-content\/uploads\/2018\/05\/junta-bcb.png\" alt=\"Asamblea General Ordinaria - Nueva Junta BCB\" width=\"525\" height=\"396\" title=\"\" srcset=\"https:\/\/mcamps.com\/wp-content\/uploads\/2018\/05\/junta-bcb.png 777w, https:\/\/mcamps.com\/wp-content\/uploads\/2018\/05\/junta-bcb-300x226.png 300w, https:\/\/mcamps.com\/wp-content\/uploads\/2018\/05\/junta-bcb-768x579.png 768w\" sizes=\"(max-width: 525px) 100vw, 525px\" \/><\/p>\n<h3><strong>Rapport annuel 2017 : la BCB en chiffres<\/strong><\/h3>\n<p>L'Assembl\u00e9e g\u00e9n\u00e9rale ordinaire 2018 a \u00e9galement \u00e9t\u00e9 le moment choisi pour pr\u00e9senter le rapport annuel. En quatre ans d'existence, le p\u00f4le n'a jamais cess\u00e9 d'avancer. BCB a grandi en nombre de membres : il a termin\u00e9 l'ann\u00e9e 2017 avec 117, soit 19 de plus que l'ann\u00e9e pr\u00e9c\u00e9dente. Il a \u00e9galement grandi en termes de personnel, atteignant 5 employ\u00e9s \u00e0 temps plein. Et aujourd'hui, jour de l'assembl\u00e9e, nous sommes d\u00e9j\u00e0 139 membres.<\/p>\n<p>Cependant, ce qui nous semble le plus int\u00e9ressant est sa croissance en termes d'activit\u00e9s et d'initiatives pour les membres. L'ann\u00e9e derni\u00e8re, le cluster a organis\u00e9 des missions commerciales \u00e0 S\u00e9oul (Cor\u00e9e du Sud) et \u00e0 Tokyo (Japon), et a particip\u00e9 \u00e0 des conf\u00e9rences industrielles majeures en Europe, telles que InCosmetics (Londres).<\/p>\n<p>En outre, des sessions de formation ont \u00e9t\u00e9 organis\u00e9es, certaines par les membres eux-m\u00eames, d'autres avec des sp\u00e9cialistes du secteur ext\u00e9rieurs au cluster. Et les d\u00e9sormais classiques conf\u00e9rences : Beauty Cluster Cocktail, Beauty International Markets Day, Beauty Innovation Day... Bref, plus de 80 activit\u00e9s programm\u00e9es, presque deux par semaine.<\/p>\n<p><img decoding=\"async\" class=\"aligncenter size-full wp-image-3406\" src=\"https:\/\/mcamps.com\/wp-content\/uploads\/2018\/05\/statistics-3338106_960_720-1-e1527010379711.jpg\" alt=\"Asamblea General Ordinaria - Nueva Junta BCB\" width=\"600\" height=\"400\" title=\"\"><\/p>\n<h3><strong>Nos f\u00e9licitations<\/strong><\/h3>\n<p>De la part de GTF, nous tenons \u00e0 remercier Iv\u00e1n Borrego et toute l'\u00e9quipe de Beauty Cluster Barcelona pour leurs efforts visant \u00e0 rassembler les entreprises du secteur, la large gamme de services offerts aux membres et, en fin de compte, le bon d\u00e9roulement de cette initiative.<\/p>\n<p>Merc\u00e8 Camps et l'ensemble de son cabinet appr\u00e9cient tr\u00e8s positivement d'\u00eatre partenaires du cluster, et nous pensons que son \u00e9quipe travaille dans la bonne direction. Merci de nous avoir suivis.<\/p>","protected":false},"excerpt":{"rendered":"<p>El pasado jueves, 17 de mayo, Beauty Cluster Barcelona celebr\u00f3 su Asamblea General Ordinaria 2018. La cita anual, que este a\u00f1o ha tenido lugar en la Fundaci\u00f3 Mir\u00f3, cont\u00f3 con la asistencia de unos 80 socios del cl\u00faster. En ella se ha presentado la memoria anual de la instituci\u00f3n, en la que se exponen las [&hellip;]<\/p>\n","protected":false},"author":1,"featured_media":3408,"comment_status":"open","ping_status":"closed","sticky":false,"template":"","format":"standard","meta":{"_et_pb_use_builder":"","_et_pb_old_content":"","_et_gb_content_width":"","inline_featured_image":false,"footnotes":""},"categories":[50,99],"tags":[],"class_list":["post-3403","post","type-post","status-publish","format-standard","has-post-thumbnail","hentry","category-noticias","category-cosmeticos"],"_links":{"self":[{"href":"https:\/\/mcampsco-cp176.wordpresstemporal.com\/fra\/wp-json\/wp\/v2\/posts\/3403","targetHints":{"allow":["GET"]}}],"collection":[{"href":"https:\/\/mcampsco-cp176.wordpresstemporal.com\/fra\/wp-json\/wp\/v2\/posts"}],"about":[{"href":"https:\/\/mcampsco-cp176.wordpresstemporal.com\/fra\/wp-json\/wp\/v2\/types\/post"}],"author":[{"embeddable":true,"href":"https:\/\/mcampsco-cp176.wordpresstemporal.com\/fra\/wp-json\/wp\/v2\/users\/1"}],"replies":[{"embeddable":true,"href":"https:\/\/mcampsco-cp176.wordpresstemporal.com\/fra\/wp-json\/wp\/v2\/comments?post=3403"}],"version-history":[{"count":0,"href":"https:\/\/mcampsco-cp176.wordpresstemporal.com\/fra\/wp-json\/wp\/v2\/posts\/3403\/revisions"}],"wp:featuredmedia":[{"embeddable":true,"href":"https:\/\/mcampsco-cp176.wordpresstemporal.com\/fra\/wp-json\/wp\/v2\/media\/3408"}],"wp:attachment":[{"href":"https:\/\/mcampsco-cp176.wordpresstemporal.com\/fra\/wp-json\/wp\/v2\/media?parent=3403"}],"wp:term":[{"taxonomy":"category","embeddable":true,"href":"https:\/\/mcampsco-cp176.wordpresstemporal.com\/fra\/wp-json\/wp\/v2\/categories?post=3403"},{"taxonomy":"post_tag","embeddable":true,"href":"https:\/\/mcampsco-cp176.wordpresstemporal.com\/fra\/wp-json\/wp\/v2\/tags?post=3403"}],"curies":[{"name":"wp","href":"https:\/\/api.w.org\/{rel}","templated":true}]}}