{"id":1759,"date":"2015-11-26T14:18:10","date_gmt":"2015-11-26T13:18:10","guid":{"rendered":"http:\/\/www.13ernat.net\/maikcoust\/proves\/?p=1759"},"modified":"2015-11-26T14:24:57","modified_gmt":"2015-11-26T13:24:57","slug":"el-caso-del-pintalabios-magico-en-la-vanguardia","status":"publish","type":"post","link":"https:\/\/mcampsco-cp176.wordpresstemporal.com\/ita\/el-caso-del-pintalabios-magico-en-la-vanguardia\/","title":{"rendered":"Il caso del rossetto magico in La Vanguardia"},"content":{"rendered":"<p>Mercoled\u00ec scorso, sfogliando la prima pagina online de La Vanguardia, ci siamo imbattuti nel seguente titolo: \u00ab<strong>I famosi rossetti che cambiano colore sono tossici per la pelle<\/strong>\u00ab. Ha denunciato che, secondo l'OCU, questo tipo di rossetto non rispetta le normative europee sull'etichettatura e sugli ingredienti e che questi prodotti contengono \u00absostanze tossiche\u00bb.<\/p>\n<p>Allarmati dal titolo, abbiamo controllato la notizia e anche il comunicato stampa redatto dall'OCU, che elencava gli ingredienti del rossetto in questione, e siamo giunti alla seguente conclusione: \u00e8 vero che il rossetto non \u00e8 conforme alle norme di etichettatura dell'UE - tra l'altro trae in inganno sul paese di produzione e non contiene henn\u00e9 e argan come pubblicizzato sul suo sito web - e chiediamo quindi che venga ritirato fino a quando non avr\u00e0 aggiornato l'etichettatura. Tuttavia, la composizione \u00e8 simile alla stragrande maggioranza dei prodotti presenti sul mercato e non c'\u00e8 motivo per cui possa essere considerato \u2018tossico\u2019.<\/p>\n<p>Preoccupati per l'eco che questo tipo di notizie a volte ha nel settore, abbiamo deciso di scrivere una risposta all'articolo e di inviarla al difensore civico dei lettori de La Vanguardia, Josep Rovirosa, per vedere se era possibile scrivere una qualche rettifica. E a quanto pare siamo stati fortunati: il giornale ha cambiato il titolo, ha rettificato una parte del testo in cui si parlava di parabeni e ci ha anche citato come fonte per smentire che questo prodotto sia tossico come sostenevano inizialmente.<\/p>\n<p>Noi di GTF siamo molto contenti che La Vanguardia abbia rivisto l'articolo e siamo particolarmente grati a Josep Rovirosa per aver preso in mano la questione e aver accettato le modifiche proposte. Riteniamo inoltre che il nuovo articolo tratti il caso del rossetto in modo pi\u00f9 veritiero. In allegato trovate la risposta che abbiamo scritto in .pdf, e potete anche consultare la notizia riscritta qui: (<a href=\"http:\/\/www.lavanguardia.com\/de-moda\/belleza\/facial\/20150311\/54428899152\/los-famosos-pintalabios-que-cambian-de-color-no-cumplen-la-normativa-cosmetica.html\" target=\"_blank\" rel=\"noopener\">http:\/\/www.lavanguardia.com\/de-moda\/belleza\/facial\/20150311\/54428899152\/los-famosos-pintalabios-que-cambian-de-color-no-cumplen-la-normativa-cosmetica.html<\/a>)<\/p>","protected":false},"excerpt":{"rendered":"<p>El pasado mi\u00e9rcoles, mientras revis\u00e1bamos la portada online de la Vanguardia, encontramos el siguiente titular: \u00abLos famosos pintalabios que cambian de color, t\u00f3xicos para la piel\u00ab. En ella se denunciaba que, seg\u00fan la OCU este tipo de pintalabios no cumplen con la normativa de la UE respecto al etiquetado y los ingredientes, y que estos [&hellip;]<\/p>\n","protected":false},"author":1,"featured_media":1761,"comment_status":"open","ping_status":"open","sticky":false,"template":"","format":"standard","meta":{"_et_pb_use_builder":"","_et_pb_old_content":"","_et_gb_content_width":"","inline_featured_image":false,"footnotes":""},"categories":[99,50],"tags":[103,195,197,191,193],"class_list":["post-1759","post","type-post","status-publish","format-standard","has-post-thumbnail","hentry","category-cosmeticos","category-noticias","tag-cosmeticos","tag-cosmetovigilancia","tag-defensor-del-lector","tag-la-vanguardia","tag-pintalabios"],"_links":{"self":[{"href":"https:\/\/mcampsco-cp176.wordpresstemporal.com\/ita\/wp-json\/wp\/v2\/posts\/1759","targetHints":{"allow":["GET"]}}],"collection":[{"href":"https:\/\/mcampsco-cp176.wordpresstemporal.com\/ita\/wp-json\/wp\/v2\/posts"}],"about":[{"href":"https:\/\/mcampsco-cp176.wordpresstemporal.com\/ita\/wp-json\/wp\/v2\/types\/post"}],"author":[{"embeddable":true,"href":"https:\/\/mcampsco-cp176.wordpresstemporal.com\/ita\/wp-json\/wp\/v2\/users\/1"}],"replies":[{"embeddable":true,"href":"https:\/\/mcampsco-cp176.wordpresstemporal.com\/ita\/wp-json\/wp\/v2\/comments?post=1759"}],"version-history":[{"count":0,"href":"https:\/\/mcampsco-cp176.wordpresstemporal.com\/ita\/wp-json\/wp\/v2\/posts\/1759\/revisions"}],"wp:featuredmedia":[{"embeddable":true,"href":"https:\/\/mcampsco-cp176.wordpresstemporal.com\/ita\/wp-json\/wp\/v2\/media\/1761"}],"wp:attachment":[{"href":"https:\/\/mcampsco-cp176.wordpresstemporal.com\/ita\/wp-json\/wp\/v2\/media?parent=1759"}],"wp:term":[{"taxonomy":"category","embeddable":true,"href":"https:\/\/mcampsco-cp176.wordpresstemporal.com\/ita\/wp-json\/wp\/v2\/categories?post=1759"},{"taxonomy":"post_tag","embeddable":true,"href":"https:\/\/mcampsco-cp176.wordpresstemporal.com\/ita\/wp-json\/wp\/v2\/tags?post=1759"}],"curies":[{"name":"wp","href":"https:\/\/api.w.org\/{rel}","templated":true}]}}