{"id":3156,"date":"2018-01-23T11:19:03","date_gmt":"2018-01-23T10:19:03","guid":{"rendered":"https:\/\/mcamps.com\/?p=3156"},"modified":"2018-01-23T12:01:37","modified_gmt":"2018-01-23T11:01:37","slug":"diagnostico-precoz-del-vih-oficinas-farmacia","status":"publish","type":"post","link":"https:\/\/mcampsco-cp176.wordpresstemporal.com\/ita\/diagnostico-precoz-del-vih-oficinas-farmacia\/","title":{"rendered":"La diagnosi precoce dell'HIV: una nuova sfida per gli studi dei farmacisti"},"content":{"rendered":"<p><strong>Diagnosi precoce dell'HIV<\/strong>\u2013 Lo scorso 30 dicembre, il BOE ha pubblicato il <strong>Decreto reale n. 1083\/2017<\/strong>. Si tratta di una normativa che viene modificata il <strong>Decreto Reale n. 1662\/2000<\/strong>, del 29 settembre, sui dispositivi medici per la diagnostica \u00abin vitro\u00bb. Grazie a questa modifica, viene regolamentata la vendita al pubblico, nelle farmacie, dei dispositivi medici per l\u2019autodiagnosi finalizzati all\u2019individuazione del virus dell\u2019immunodeficienza umana (HIV).<\/p>\n<p>Questo nuovo decreto reale sar\u00e0 applicato nelle farmacie grazie a un accordo sottoscritto da Elena Andradas, direttrice generale della Sanit\u00e0 Pubblica, della Qualit\u00e0 e dell\u2019Innovazione del Ministero della Sanit\u00e0, dei Servizi Sociali e dell\u2019Uguaglianza, e da Jes\u00fas Aguilar, presidente del Consiglio Generale dei Farmacisti. E con esso si realizza uno degli obiettivi che si era prefissato il <strong><em>Piano strategico per la prevenzione e il controllo dell'HIV e di altre infezioni sessualmente trasmissibili 2013-2016<\/em><\/strong>.<\/p>\n<p><img decoding=\"async\" class=\"aligncenter size-full wp-image-3162\" src=\"https:\/\/mcamps.com\/wp-content\/uploads\/2018\/01\/scientist-2141259_960_720.jpg\" alt=\"Detecci\u00f3n precoz VIH - SIDA \" width=\"960\" height=\"640\" title=\"\" srcset=\"https:\/\/mcamps.com\/wp-content\/uploads\/2018\/01\/scientist-2141259_960_720.jpg 960w, https:\/\/mcamps.com\/wp-content\/uploads\/2018\/01\/scientist-2141259_960_720-300x200.jpg 300w, https:\/\/mcamps.com\/wp-content\/uploads\/2018\/01\/scientist-2141259_960_720-768x512.jpg 768w\" sizes=\"(max-width: 960px) 100vw, 960px\" \/><\/p>\n<h3><strong>In che modo il decreto reale influisce sulla diagnosi precoce dell\u2019HIV? <\/strong><\/h3>\n<p>Finora, la normativa spagnola sui dispositivi medici per la diagnostica in vitro obbligava le farmacie a vendere tali prodotti solo se il paziente era in possesso di una prescrizione medica. Pertanto, per ottenere una diagnosi sull\u2019HIV, la visita dal medico era un requisito indispensabile. E sebbene sia vero che diverse associazioni e gruppi di pazienti offrissero questi test come servizio alla comunit\u00e0, lo facevano al di fuori del quadro giuridico.<\/p>\n<p>Grazie al nuovo <strong>Decreto reale n. 1083\/2017<\/strong>, si facilita l\u2019accesso della popolazione a questi prodotti per l\u2019autodiagnosi in farmacia. E, come afferma Jes\u00fas Aguilar, \u201csi sfrutta l\u2019ampia copertura e la professionalit\u00e0 della rete delle farmacie per promuovere la diagnosi precoce dell\u2019HIV\u201d. In altre parole, sar\u00e0 possibile acquistarli in farmacia, dove sono presenti anche professionisti con competenze tecniche, in grado di offrire <strong>consiglio farmaceutico<\/strong> alle persone che desiderano sottoporsi al test.<\/p>\n<p>Al di l\u00e0 dell'interesse per il settore farmaceutico, questa nuova normativa ha un impatto positivo sull'intera popolazione. Da un lato, perch\u00e9 consente di ridurre in modo significativo le visite presso i centri di assistenza primaria per richiedere i test dell'HIV. Ci\u00f2 rappresenta un risparmio diretto per le casse della previdenza sociale.<\/p>\n<p>D'altra parte, un miglioramento diretto per i malati e i gruppi a rischio di contagio. Ad oggi, in Spagna esiste un numero elevato di persone che sono infette dall'HIV e non ne sono a conoscenza. Se prendiamo in considerazione due fattori, uno <strong>maggiore probabilit\u00e0 di contagio<\/strong> e una <strong>elevato tasso di diagnosi tardiva<\/strong>, si pu\u00f2 giungere alla conclusione che il modello in vigore prima dell'approvazione del Regio Decreto 1083\/2017 inducesse a:<\/p>\n<ul>\n<li>Tasso di morbilit\u00e0 e mortalit\u00e0 pi\u00f9 elevato<\/li>\n<li>Diminuzione della risposta al trattamento<\/li>\n<\/ul>\n<p><img decoding=\"async\" class=\"aligncenter size-full wp-image-3160\" src=\"https:\/\/mcamps.com\/wp-content\/uploads\/2018\/01\/sida.jpg\" alt=\"Detecci\u00f3n precoz VIH - SIDA \" width=\"304\" height=\"304\" title=\"\" srcset=\"https:\/\/mcamps.com\/wp-content\/uploads\/2018\/01\/sida.jpg 304w, https:\/\/mcamps.com\/wp-content\/uploads\/2018\/01\/sida-150x150.jpg 150w, https:\/\/mcamps.com\/wp-content\/uploads\/2018\/01\/sida-300x300.jpg 300w\" sizes=\"(max-width: 304px) 100vw, 304px\" \/><\/p>\n<h3><strong>La diagnosi precoce dell\u2019HIV: un nuovo servizio offerto dalla farmacia alla comunit\u00e0<\/strong><\/h3>\n<p>Noi di GTF valutiamo molto positivamente questa iniziativa. Riteniamo che apporti un beneficio all\u2019intera societ\u00e0, poich\u00e9 consentir\u00e0 un accesso pi\u00f9 agevole ai dispositivi per l\u2019autodiagnosi. E tra qualche anno, se questa iniziativa legislativa avr\u00e0 dato i suoi frutti, si tradurr\u00e0 in una riduzione del tasso di contagio da HIV e in una diminuzione dei casi di diagnosi tardiva. Il tutto senza rinunciare alla consulenza di un operatore sanitario \u2013 in questo caso, il farmacista \u2013 per sottoporsi al test!<\/p>\n<p>Hai bisogno di ulteriori informazioni su come questo nuovo decreto reale ti riguarda? Vuoi commercializzare un nuovo dispositivo per l\u2019autodiagnosi dell\u2019HIV e non sai da dove cominciare? Desideri ricevere la consulenza di un <a href=\"https:\/\/mcamps.com\/productos-sanitarios\/\" target=\"_blank\" rel=\"noopener\">esperto in <em>affari regolatori<\/em>\u00a0per la marcatura CE<\/a> di dispositivi medici? <a href=\"https:\/\/mcamps.com\/quienes-somos\/\" target=\"_blank\" rel=\"noopener\">Si rivolga allo Studio tecnico farmaceutico M. Camps<\/a>. La nostra proposta: soluzioni!<\/p>","protected":false},"excerpt":{"rendered":"<p>Diagn\u00f3stico precoz del VIH&#8211; El pasado 30 de diciembre, el BOE public\u00f3 el Real Decreto 1083\/2017. Se trata de una normativa que se modifica el Real Decreto 1662\/2000, de 29 de septiembre, sobre productos sanitarios para diagn\u00f3stico \u00abin vitro\u00bb. Y gracias a este cambio, se regula la venta al p\u00fablico de productos sanitarios de autodiagn\u00f3stico [&hellip;]<\/p>\n","protected":false},"author":1,"featured_media":3159,"comment_status":"open","ping_status":"closed","sticky":false,"template":"","format":"standard","meta":{"_et_pb_use_builder":"","_et_pb_old_content":"","_et_gb_content_width":"","inline_featured_image":false,"footnotes":""},"categories":[199,810,50],"tags":[814,561,812,818,816],"class_list":["post-3156","post","type-post","status-publish","format-standard","has-post-thumbnail","hentry","category-productos-sanitarios","category-legislacion","category-noticias","tag-diagnostico-precoz","tag-oficinas-de-farmacia","tag-real-decreto-10832017","tag-sida","tag-vih"],"_links":{"self":[{"href":"https:\/\/mcampsco-cp176.wordpresstemporal.com\/ita\/wp-json\/wp\/v2\/posts\/3156","targetHints":{"allow":["GET"]}}],"collection":[{"href":"https:\/\/mcampsco-cp176.wordpresstemporal.com\/ita\/wp-json\/wp\/v2\/posts"}],"about":[{"href":"https:\/\/mcampsco-cp176.wordpresstemporal.com\/ita\/wp-json\/wp\/v2\/types\/post"}],"author":[{"embeddable":true,"href":"https:\/\/mcampsco-cp176.wordpresstemporal.com\/ita\/wp-json\/wp\/v2\/users\/1"}],"replies":[{"embeddable":true,"href":"https:\/\/mcampsco-cp176.wordpresstemporal.com\/ita\/wp-json\/wp\/v2\/comments?post=3156"}],"version-history":[{"count":0,"href":"https:\/\/mcampsco-cp176.wordpresstemporal.com\/ita\/wp-json\/wp\/v2\/posts\/3156\/revisions"}],"wp:featuredmedia":[{"embeddable":true,"href":"https:\/\/mcampsco-cp176.wordpresstemporal.com\/ita\/wp-json\/wp\/v2\/media\/3159"}],"wp:attachment":[{"href":"https:\/\/mcampsco-cp176.wordpresstemporal.com\/ita\/wp-json\/wp\/v2\/media?parent=3156"}],"wp:term":[{"taxonomy":"category","embeddable":true,"href":"https:\/\/mcampsco-cp176.wordpresstemporal.com\/ita\/wp-json\/wp\/v2\/categories?post=3156"},{"taxonomy":"post_tag","embeddable":true,"href":"https:\/\/mcampsco-cp176.wordpresstemporal.com\/ita\/wp-json\/wp\/v2\/tags?post=3156"}],"curies":[{"name":"wp","href":"https:\/\/api.w.org\/{rel}","templated":true}]}}